{"id":2149,"date":"2020-10-16T19:38:37","date_gmt":"2020-10-16T17:38:37","guid":{"rendered":"https:\/\/medienkompetenztag.de\/?p=2149"},"modified":"2020-11-12T14:38:48","modified_gmt":"2020-11-12T13:38:48","slug":"tagung-privatheit-und-datenschutz-bei-kindern-und-jugendlichen-status-quo-und-implikationen-fuer-familien-und-verbraucherschutz","status":"publish","type":"post","link":"https:\/\/medienkompetenztag.de\/?p=2149","title":{"rendered":"Tagung &#8222;Privatheit und Datenschutz bei Kindern und Jugendlichen: Status quo und Implikationen f\u00fcr Familien und Verbraucherschutz&#8220;"},"content":{"rendered":"<p><strong>Veranstalter:<\/strong><\/p>\n<p><img loading=\"lazy\" decoding=\"async\" class=\"alignnone size-medium wp-image-2152\" src=\"https:\/\/medienkompetenztag.de\/wp-content\/uploads\/160926-HoMe-Logo-RGB-300x150.jpg\" alt=\"\" width=\"300\" height=\"150\" srcset=\"https:\/\/medienkompetenztag.de\/wp-content\/uploads\/160926-HoMe-Logo-RGB-300x150.jpg 300w, https:\/\/medienkompetenztag.de\/wp-content\/uploads\/160926-HoMe-Logo-RGB-1024x512.jpg 1024w, https:\/\/medienkompetenztag.de\/wp-content\/uploads\/160926-HoMe-Logo-RGB-768x384.jpg 768w, https:\/\/medienkompetenztag.de\/wp-content\/uploads\/160926-HoMe-Logo-RGB-1536x768.jpg 1536w, https:\/\/medienkompetenztag.de\/wp-content\/uploads\/160926-HoMe-Logo-RGB-2048x1024.jpg 2048w, https:\/\/medienkompetenztag.de\/wp-content\/uploads\/160926-HoMe-Logo-RGB-600x300.jpg 600w, https:\/\/medienkompetenztag.de\/wp-content\/uploads\/160926-HoMe-Logo-RGB-400x200.jpg 400w\" sizes=\"auto, (max-width: 300px) 100vw, 300px\" \/><\/p>\n<p><span style=\"color: #00ccff;\">Hochschule Merseburg<\/span><\/p>\n<p><strong>Veranstaltungsort:<\/strong><\/p>\n<p><span style=\"color: #000000;\">Eberhard-Leibnitz-Str. 2<br \/>06217 Merseburg und Online<br \/><\/span><\/p>\n<p><strong>Art der Aktion:<\/strong><br \/>thematischer Workshop, thematischer Vortrag, Gespr\u00e4chsrunde\/Diskussionsrunde, Online-Seminar<\/p>\n<p>19. November 2020, 9.15 &#8211; 17.00 Uhr<\/p>\n<p><strong>Zielgruppe:<\/strong><br \/>Praktiker (z.B. LehrerInnen, Kita-Leitung, Datenschutz-Beauftragte) und Wissenschaftler, die mit Datenschutz f\u00fcr Kinder und Jugendliche betraut sind, dazu lehren oder\/und dazu forschen<\/p>\n<p><strong>Ansprechpartner\/-in:<\/strong><br \/>Frau Prof. Dr. Dore\u00e9n Pick<\/p>\n<p><strong>Sonstiges<\/strong><br \/>F\u00fcr die Pr\u00e4senzteilnahme gilt eine notwendige Anmeldung \u00fcber die Webseite. Die Teilnahme \u00fcber das Livestreaming (Link wird auf die Webseite der Tagung gestellt) ist ohne Anmeldung m\u00f6glich. Die Teilnahme ist f\u00fcr beide Optionen kostenlos.<\/p>\n<p>Am 19. November 2020 findet eine Tagung an der Hochschule Merseburg statt, auf der wichtige Fragestellungen der Privatheit und des Datenschutzes f\u00fcr Kinder und Jugendliche aus unterschiedlichen Perspektiven betrachtet, vorgestellt und diskutiert werden.<\/p>\n<p><strong>Vortragsthemen sind:<\/strong><br \/>1. \u201eDaten f\u00fcr Bequemlichkeit: Einblicke in den Berufsschulalltag von Jugendlichen\u201c (Referentin: Silvana Gratz, Berufsschule Mansfeld-S\u00fcdharz)<\/p>\n<p>2. \u201eDas Recht auf Privatsph\u00e4re und Datenschutz von Kindern im Kontext von \u201eSharenting\u201c und Influencer-Marketing\u201c (Referentin: Sophie Pohle, Deutsches Kinderhilfswerk e.V.)<\/p>\n<p>3. \u201eDer Umgang von Kindern und Jugendlichen mit Datenschutz\u201c (Referentin: Prof. Dr. Hanna Schramm-Klein, Universit\u00e4t Siegen)<\/p>\n<p>4. \u201eInformieren &#8211; Sensibilisieren &#8211; Werte entwickeln. Medienp\u00e4dagogische Impulse zum Thema ,Datenschutz und Kommunikation im Netz&#8217;\u201c (Referenten: Alexander Karpilowski, Netzwerk Medienkompetenz Sachsen-Anhalt und Christian Klisan, Medienanstalt Sachsen-Anhalt)<\/p>\n<p>5. \u201eRechtliche Regeln und Fragestellungen im Umgang mit privaten Daten von Kindern und Jugendlichen im digitalen Raum\u201c (Referentin: Ute Bernhardt, Verbraucherzentrale Sachsen-Anhalt)<\/p>\n<p>Die Tagung endet mit einer Podiumsdiskussion. Die Tagung wird vom Bundesministerium f\u00fcr Justiz und Verbraucherschutz (BMJV) gef\u00f6rdert.<\/p>\n<p>19. November 2020, 9.15-17 Uhr (vor Ort mit notwendiger Anmeldung, Livestreaming ohne Anmeldung)<\/p>\n<p><strong><a href=\"https:\/\/www.hs-merseburg.de\/fileadmin\/Hochschule_Merseburg\/Hochschule\/Fachbereiche\/Wirtschaftswissenschaften_und_Informationswissenschaften\/Verbraucherforschungsforum\/Tagungsprogramm.pdf\" target=\"_blank\" rel=\"noopener noreferrer\">Tagungsprogramm<\/a><\/strong><\/p>\n<p><img loading=\"lazy\" decoding=\"async\" class=\"alignnone size-medium wp-image-2153\" src=\"https:\/\/medienkompetenztag.de\/wp-content\/uploads\/BMJV_Office_Farbe_de_WBZ-300x249.jpg\" alt=\"\" width=\"300\" height=\"249\" srcset=\"https:\/\/medienkompetenztag.de\/wp-content\/uploads\/BMJV_Office_Farbe_de_WBZ-300x249.jpg 300w, https:\/\/medienkompetenztag.de\/wp-content\/uploads\/BMJV_Office_Farbe_de_WBZ-768x637.jpg 768w, https:\/\/medienkompetenztag.de\/wp-content\/uploads\/BMJV_Office_Farbe_de_WBZ.jpg 854w\" sizes=\"auto, (max-width: 300px) 100vw, 300px\" \/><\/p>\n<p><strong>Kontakt zum Veranstalter:<\/strong><br \/>Hochschule Merseburg<br \/>Prof. Dr. Dore\u00e9n Pick<br \/>H\u00f6rsaal 2 (f\u00fcr Pr\u00e4senzteilnahme)<br \/>Eberhard-Leibnitz-Str. 2<br \/>06217 Merseburg<br \/>03461-46-3408<br \/><a href=\"mailto:doreen.pick@hs-merseburg.de\">doreen.pick@hs-merseburg.de<\/a><br \/><a href=\"https:\/\/www.hs-merseburg.de\/forschungsforum\" target=\"_blank\" rel=\"noopener noreferrer\">https:\/\/www.hs-merseburg.de\/forschungsforum<\/a><\/p>\n<p><strong>Hinweise und Anmerkungen des Veranstalters:<\/strong><\/p>\n<p>Die Tagung findet aufgrund der jetzigen Entwicklung zu den Abstimmungen mit den Ministerpr\u00e4sident*innen sehr wahrscheinlich <strong>als Online-Tagung<\/strong> statt. Wir halten uns die Option einer Pr\u00e4senzveranstaltung jedoch noch offen, da die Hochschule alle Hygienema\u00dfnahmen einh\u00e4lt. Bitte nutzen Sie <strong>in jedem Fall f\u00fcr Ihre Anmeldung <\/strong>(Online- oder Pr\u00e4senzteilnahme das <a href=\"https:\/\/www.hs-merseburg.de\/hochschule\/fachbereiche\/wirtschaftswissenschaften-und-informationswissenschaften\/merseburger-verbraucherforschungsforum\/\" target=\"_blank\" rel=\"noopener noreferrer\">rechtsstehende <strong>Anmeldeformular<\/strong><\/a>. Wir setzen den Link zur Online-Teilnahme dann zum einen auf die Tagungsseite, schicken ihn aber auch an alle Teilnehmenden per E-Mail.<\/p>\n<p>In der Online-Tagung k\u00f6nnen Sie Fragen zu den Vortr\u00e4gen der Referent*innen \u00fcber eine Chat-Version stellen. Wir koordinieren diese Fragen in den Vortr\u00e4gen. Die Sprachfunktion f\u00fcr die Online-Teilnehmenden werden wir jedoch ausschalten. Bitte beachten Sie, dass wir die Vortr\u00e4ge und die Podiumsdiskussion als Video aufzeichnen und in den Medien der Hochschule ver\u00f6ffentlichen. Im Anschluss an die Tagung wird ein Tagungsband mit den Vortr\u00e4gen und der Podiumsdiskussion ver\u00f6ffentlicht.<\/p>\n\n\n<p><\/p>\n","protected":false},"excerpt":{"rendered":"<p>Veranstalter: Hochschule Merseburg Veranstaltungsort: Eberhard-Leibnitz-Str. 206217 Merseburg und Online Art der Aktion:thematischer Workshop, thematischer Vortrag, Gespr\u00e4chsrunde\/Diskussionsrunde, Online-Seminar 19. November 2020, 9.15 &#8211; 17.00 Uhr Zielgruppe:Praktiker (z.B. LehrerInnen, Kita-Leitung, Datenschutz-Beauftragte) und Wissenschaftler, die mit Datenschutz f\u00fcr Kinder und Jugendliche betraut sind, dazu lehren oder\/und dazu forschen Ansprechpartner\/-in:Frau Prof. Dr. Dore\u00e9n Pick SonstigesF\u00fcr die Pr\u00e4senzteilnahme gilt eine<a href=\"https:\/\/medienkompetenztag.de\/?p=2149\">[&#8230;]<\/a><\/p>\n","protected":false},"author":0,"featured_media":2175,"comment_status":"closed","ping_status":"closed","sticky":false,"template":"","format":"standard","meta":{"footnotes":""},"categories":[12],"tags":[],"class_list":["post-2149","post","type-post","status-publish","format-standard","has-post-thumbnail","hentry","category-aktionen-2020"],"_links":{"self":[{"href":"https:\/\/medienkompetenztag.de\/index.php?rest_route=\/wp\/v2\/posts\/2149","targetHints":{"allow":["GET"]}}],"collection":[{"href":"https:\/\/medienkompetenztag.de\/index.php?rest_route=\/wp\/v2\/posts"}],"about":[{"href":"https:\/\/medienkompetenztag.de\/index.php?rest_route=\/wp\/v2\/types\/post"}],"replies":[{"embeddable":true,"href":"https:\/\/medienkompetenztag.de\/index.php?rest_route=%2Fwp%2Fv2%2Fcomments&post=2149"}],"version-history":[{"count":7,"href":"https:\/\/medienkompetenztag.de\/index.php?rest_route=\/wp\/v2\/posts\/2149\/revisions"}],"predecessor-version":[{"id":2280,"href":"https:\/\/medienkompetenztag.de\/index.php?rest_route=\/wp\/v2\/posts\/2149\/revisions\/2280"}],"wp:featuredmedia":[{"embeddable":true,"href":"https:\/\/medienkompetenztag.de\/index.php?rest_route=\/wp\/v2\/media\/2175"}],"wp:attachment":[{"href":"https:\/\/medienkompetenztag.de\/index.php?rest_route=%2Fwp%2Fv2%2Fmedia&parent=2149"}],"wp:term":[{"taxonomy":"category","embeddable":true,"href":"https:\/\/medienkompetenztag.de\/index.php?rest_route=%2Fwp%2Fv2%2Fcategories&post=2149"},{"taxonomy":"post_tag","embeddable":true,"href":"https:\/\/medienkompetenztag.de\/index.php?rest_route=%2Fwp%2Fv2%2Ftags&post=2149"}],"curies":[{"name":"wp","href":"https:\/\/api.w.org\/{rel}","templated":true}]}}