{"id":2123,"date":"2020-10-07T10:21:32","date_gmt":"2020-10-07T08:21:32","guid":{"rendered":"https:\/\/medienkompetenztag.de\/?p=2123"},"modified":"2020-11-12T14:37:22","modified_gmt":"2020-11-12T13:37:22","slug":"surfen-im-www-einstieg-ins-internet","status":"publish","type":"post","link":"https:\/\/medienkompetenztag.de\/?p=2123","title":{"rendered":"Surfen im WWW \u2013 Videosprechstunde zum Einstieg ins Internet"},"content":{"rendered":"<p><strong>Veranstalter:<\/strong><\/p>\n<p><span style=\"color: #00ccff;\">R\u00fcckenwind e.V. Sch\u00f6nebeck<\/span><\/p>\n<p><img loading=\"lazy\" decoding=\"async\" class=\"alignnone size-medium wp-image-2127\" src=\"https:\/\/medienkompetenztag.de\/wp-content\/uploads\/logo-1-300x300.png\" alt=\"\" width=\"300\" height=\"300\" srcset=\"https:\/\/medienkompetenztag.de\/wp-content\/uploads\/logo-1-300x300.png 300w, https:\/\/medienkompetenztag.de\/wp-content\/uploads\/logo-1-150x150.png 150w, https:\/\/medienkompetenztag.de\/wp-content\/uploads\/logo-1-250x250.png 250w, https:\/\/medienkompetenztag.de\/wp-content\/uploads\/logo-1-174x174.png 174w, https:\/\/medienkompetenztag.de\/wp-content\/uploads\/logo-1.png 500w\" sizes=\"auto, (max-width: 300px) 100vw, 300px\" \/><\/p>\n<p><strong>Veranstaltungsort:<\/strong><\/p>\n<p><span style=\"color: #000000;\">Online<\/span><\/p>\n<p><strong>Art der Aktion:<\/strong><br \/>\nGespr\u00e4chsrunde \/ Diskussionsrunde, 19.11.2020, 11.00 &#8211; 13.00 Uhr und 14.00 &#8211; 16.00 Uhr<\/p>\n<p><strong>Zielgruppe:<\/strong><br \/>\nSenior*innen<\/p>\n<p><strong>Ansprechpartner\/-in:<\/strong><br \/>\nLea Schubert, Luca Camastro<\/p>\n<p>Sie haben Ihr erstes Tablet oder Laptop geholt und m\u00f6chte nun die Welt von Google, eBay und co. entdecken? Ganz sicher sind Sie sich jedoch nicht, wie Sie einen Account erstellen oder welches Passwort sicher ist?<\/p>\n<p>Das Team um PILOT.digi steht Ihnen via Videosprechstunde Frage und Antwort.<\/p>\n<p>Die Aktion findet von 11 \u2013 13 und 14 \u2013 16 Uhr statt, jedoch nun online (per WhatsApp und \/ oder Facebook Messenger).<\/p>\n<p>Eine Anmeldung ist unter <a href=\"https:\/\/www.facebook.com\/pilot.digi.schoenebeck\" target=\"_blank\" rel=\"noopener noreferrer\">facebook.com\/pilot.digi.schoenebeck\/<\/a> (Facebook Messenger) oder unter 0151 74214142 (Schubert) bzw. 0151 74214143 (Camastro) m\u00f6glich. Pro Runde k\u00f6nnen bis zu 10 Teilnehmende an der Videosprechstunde teilnehmen \u2013 gerne k\u00f6nnen diese auch einzeln \u00fcber das Portal der Wahl stattfinden.<\/p>\n<p><strong>Kontakt zum Veranstalter:<\/strong><br \/>\nR\u00fcckenwind e.V. Sch\u00f6nebeck<br \/>\nBahnhofstra\u00dfe 11-12<br \/>\n39218 Sch\u00f6nebeck (Elbe)<br \/>\n0151 74214142<br \/>\n<a href=\"mailto:lea.schubert@rueckenwind-schoenebeck.de\">lea.schubert@rueckenwind-schoenebeck.de<\/a><br \/>\n<a href=\"https:\/\/www.rueckenwind-schoenebeck.de\" target=\"_blank\" rel=\"noopener noreferrer\">https:\/\/www.rueckenwind-schoenebeck.de<\/a><\/p>\n","protected":false},"excerpt":{"rendered":"<p>Veranstalter: R\u00fcckenwind e.V. Sch\u00f6nebeck Veranstaltungsort: Online Art der Aktion: Gespr\u00e4chsrunde \/ Diskussionsrunde, 19.11.2020, 11.00 &#8211; 13.00 Uhr und 14.00 &#8211; 16.00 Uhr Zielgruppe: Senior*innen Ansprechpartner\/-in: Lea Schubert, Luca Camastro Sie haben Ihr erstes Tablet oder Laptop geholt und m\u00f6chte nun die Welt von Google, eBay und co. entdecken? Ganz sicher sind Sie sich jedoch nicht,<a href=\"https:\/\/medienkompetenztag.de\/?p=2123\">[&#8230;]<\/a><\/p>\n","protected":false},"author":0,"featured_media":2126,"comment_status":"closed","ping_status":"closed","sticky":false,"template":"","format":"standard","meta":{"footnotes":""},"categories":[12],"tags":[],"class_list":["post-2123","post","type-post","status-publish","format-standard","has-post-thumbnail","hentry","category-aktionen-2020"],"_links":{"self":[{"href":"https:\/\/medienkompetenztag.de\/index.php?rest_route=\/wp\/v2\/posts\/2123","targetHints":{"allow":["GET"]}}],"collection":[{"href":"https:\/\/medienkompetenztag.de\/index.php?rest_route=\/wp\/v2\/posts"}],"about":[{"href":"https:\/\/medienkompetenztag.de\/index.php?rest_route=\/wp\/v2\/types\/post"}],"replies":[{"embeddable":true,"href":"https:\/\/medienkompetenztag.de\/index.php?rest_route=%2Fwp%2Fv2%2Fcomments&post=2123"}],"version-history":[{"count":6,"href":"https:\/\/medienkompetenztag.de\/index.php?rest_route=\/wp\/v2\/posts\/2123\/revisions"}],"predecessor-version":[{"id":2278,"href":"https:\/\/medienkompetenztag.de\/index.php?rest_route=\/wp\/v2\/posts\/2123\/revisions\/2278"}],"wp:featuredmedia":[{"embeddable":true,"href":"https:\/\/medienkompetenztag.de\/index.php?rest_route=\/wp\/v2\/media\/2126"}],"wp:attachment":[{"href":"https:\/\/medienkompetenztag.de\/index.php?rest_route=%2Fwp%2Fv2%2Fmedia&parent=2123"}],"wp:term":[{"taxonomy":"category","embeddable":true,"href":"https:\/\/medienkompetenztag.de\/index.php?rest_route=%2Fwp%2Fv2%2Fcategories&post=2123"},{"taxonomy":"post_tag","embeddable":true,"href":"https:\/\/medienkompetenztag.de\/index.php?rest_route=%2Fwp%2Fv2%2Ftags&post=2123"}],"curies":[{"name":"wp","href":"https:\/\/api.w.org\/{rel}","templated":true}]}}