{"id":2013,"date":"2020-09-02T10:19:22","date_gmt":"2020-09-02T08:19:22","guid":{"rendered":"https:\/\/medienkompetenztag.de\/?p=2013"},"modified":"2020-11-16T11:21:37","modified_gmt":"2020-11-16T10:21:37","slug":"eine-multiplikatorinnenfortbildung-zur-mediennutzung-und-medienerziehung-in-der-kita","status":"publish","type":"post","link":"https:\/\/medienkompetenztag.de\/?p=2013","title":{"rendered":"Multiplikator*innen-Fortbildung zur Mediennutzung und Medienerziehung in der Kita"},"content":{"rendered":"<p><strong>Veranstalter:<\/strong><\/p>\n<p><span style=\"color: #00ccff;\">Medienanstalt Sachsen-Anhalt<\/span><\/p>\n<p><img loading=\"lazy\" decoding=\"async\" class=\"alignnone size-medium wp-image-2016\" src=\"https:\/\/medienkompetenztag.de\/wp-content\/uploads\/160909_Logo_Medienanstalt_Sachsen-Anhalt-2-300x73.png\" alt=\"\" width=\"300\" height=\"73\" srcset=\"https:\/\/medienkompetenztag.de\/wp-content\/uploads\/160909_Logo_Medienanstalt_Sachsen-Anhalt-2-300x73.png 300w, https:\/\/medienkompetenztag.de\/wp-content\/uploads\/160909_Logo_Medienanstalt_Sachsen-Anhalt-2-768x187.png 768w, https:\/\/medienkompetenztag.de\/wp-content\/uploads\/160909_Logo_Medienanstalt_Sachsen-Anhalt-2.png 851w\" sizes=\"auto, (max-width: 300px) 100vw, 300px\" \/><\/p>\n<p><strong>Veranstaltungsort:<\/strong><\/p>\n<p><span style=\"color: #000000;\">Reichardtstra\u00dfe 9<br \/>\n06114 Halle<\/span><\/p>\n<p><strong>Art der Aktion:<\/strong><br \/>\nDie Schulung wurde VERLEGT (thematische Schulung, 19.11.2020, von 9.00 bis 15.00 Uhr)<\/p>\n<p><strong>Zielgruppe:<\/strong><br \/>\nErzieher*innen<\/p>\n<p><strong>Ansprechpartner\/-in:<\/strong><br \/>\nFrau Katja Wolf<\/p>\n<p>Die Teilnehmenden f\u00fcr die Aktion stehen bereits fest, eine Anmeldung ist leider nicht mehr m\u00f6glich.<\/p>\n<p>In der Multiplikatoren-Fortbildung sollen Mediennutzungsgewohnheiten von Kindern besprochen und die Grundlagen der medienp\u00e4dagogischen Arbeit erl\u00e4utert und vermittelt werden. Nicht nur Projektarten mit unterschiedlichen Herangehensweisen zu verschiedenen Medienthemen werden vorgestellt. Es geht um das Kennenlernen von Methoden f\u00fcr die Elternarbeit und um einen produktiven und effektiven Medieneinsatz in Kindertageseinrichtungen.<\/p>\n<p>Inhaltliche Schwerpunkte:<\/p>\n<p>\u2022 Grundlagen der Mediennutzung und Medienp\u00e4dagogik<br \/>\n\u2022 Wirkungsweisen von medialen Angeboten auf Kinder<br \/>\n\u2022 Mediennutzungsverhalten von Eltern<br \/>\n\u2022 Stolperfallen und Probleme bei der Nutzung von medialen Angeboten<br \/>\n\u2022 Besprechung zu den Themen Rollenbilder, Fernsehangebote, erste Schritte im Netz, Datenschutz<br \/>\n\u2022 Vorstellung von kindgerechten Angeboten und p\u00e4dagogischen Ratgebern<br \/>\n\u2022 Kommunikation mit Eltern: T\u00fcr\u00f6ffner, Gespr\u00e4chsf\u00fchrung<br \/>\n\u2022 Projektbeispiele zur Medienerziehung<\/p>\n<p><strong>Kontakt zum Veranstalter:<\/strong><\/p>\n<p>Medienanstalt Sachsen-Anhalt<br \/>\nReichardtstra\u00dfe 9<br \/>\n06114 Halle<br \/>\n0345\/52130<br \/>\n<a href=\"mailto:wolf@medienanstalt-sachsen-anhalt.de\">wolf@medienanstalt-sachsen-anhalt.de<\/a><br \/>\n<a href=\"http:\/\/www.medienanstalt-sachsen-anhalt.de\" target=\"_blank\" rel=\"noopener noreferrer\">www.medienanstalt-sachsen-anhalt.de<\/a><\/p>\n","protected":false},"excerpt":{"rendered":"<p>Veranstalter: Medienanstalt Sachsen-Anhalt Veranstaltungsort: Reichardtstra\u00dfe 9 06114 Halle Art der Aktion: Die Schulung wurde VERLEGT (thematische Schulung, 19.11.2020, von 9.00 bis 15.00 Uhr) Zielgruppe: Erzieher*innen Ansprechpartner\/-in: Frau Katja Wolf Die Teilnehmenden f\u00fcr die Aktion stehen bereits fest, eine Anmeldung ist leider nicht mehr m\u00f6glich. In der Multiplikatoren-Fortbildung sollen Mediennutzungsgewohnheiten von Kindern besprochen und die Grundlagen<a href=\"https:\/\/medienkompetenztag.de\/?p=2013\">[&#8230;]<\/a><\/p>\n","protected":false},"author":2,"featured_media":2014,"comment_status":"closed","ping_status":"closed","sticky":false,"template":"","format":"standard","meta":{"footnotes":""},"categories":[12],"tags":[],"class_list":["post-2013","post","type-post","status-publish","format-standard","has-post-thumbnail","hentry","category-aktionen-2020"],"_links":{"self":[{"href":"https:\/\/medienkompetenztag.de\/index.php?rest_route=\/wp\/v2\/posts\/2013","targetHints":{"allow":["GET"]}}],"collection":[{"href":"https:\/\/medienkompetenztag.de\/index.php?rest_route=\/wp\/v2\/posts"}],"about":[{"href":"https:\/\/medienkompetenztag.de\/index.php?rest_route=\/wp\/v2\/types\/post"}],"author":[{"embeddable":true,"href":"https:\/\/medienkompetenztag.de\/index.php?rest_route=\/wp\/v2\/users\/2"}],"replies":[{"embeddable":true,"href":"https:\/\/medienkompetenztag.de\/index.php?rest_route=%2Fwp%2Fv2%2Fcomments&post=2013"}],"version-history":[{"count":9,"href":"https:\/\/medienkompetenztag.de\/index.php?rest_route=\/wp\/v2\/posts\/2013\/revisions"}],"predecessor-version":[{"id":2296,"href":"https:\/\/medienkompetenztag.de\/index.php?rest_route=\/wp\/v2\/posts\/2013\/revisions\/2296"}],"wp:featuredmedia":[{"embeddable":true,"href":"https:\/\/medienkompetenztag.de\/index.php?rest_route=\/wp\/v2\/media\/2014"}],"wp:attachment":[{"href":"https:\/\/medienkompetenztag.de\/index.php?rest_route=%2Fwp%2Fv2%2Fmedia&parent=2013"}],"wp:term":[{"taxonomy":"category","embeddable":true,"href":"https:\/\/medienkompetenztag.de\/index.php?rest_route=%2Fwp%2Fv2%2Fcategories&post=2013"},{"taxonomy":"post_tag","embeddable":true,"href":"https:\/\/medienkompetenztag.de\/index.php?rest_route=%2Fwp%2Fv2%2Ftags&post=2013"}],"curies":[{"name":"wp","href":"https:\/\/api.w.org\/{rel}","templated":true}]}}