{"id":1832,"date":"2019-11-25T11:37:41","date_gmt":"2019-11-25T10:37:41","guid":{"rendered":"https:\/\/medienkompetenztag.de\/?p=1832"},"modified":"2019-11-25T11:51:29","modified_gmt":"2019-11-25T10:51:29","slug":"soziale-netzwerke-und-mobile-mediennutzung-unter-der-lupe-aufklaerung-diskussion-praevention-2","status":"publish","type":"post","link":"https:\/\/medienkompetenztag.de\/?p=1832","title":{"rendered":"Soziale Netzwerke und mobile Mediennutzung unter der Lupe: Aufkl\u00e4rung, Diskussion, Pr\u00e4vention"},"content":{"rendered":"<p><img loading=\"lazy\" decoding=\"async\" class=\"attachment-full size-full\" src=\"https:\/\/medienkompetenztag.de\/wp-content\/uploads\/Titel_Praesentation.png\" sizes=\"auto, (max-width: 2208px) 100vw, 2208px\" srcset=\"https:\/\/medienkompetenztag.de\/wp-content\/uploads\/Titel_Praesentation.png 2208w, https:\/\/medienkompetenztag.de\/wp-content\/uploads\/Titel_Praesentation-300x168.png 300w, https:\/\/medienkompetenztag.de\/wp-content\/uploads\/Titel_Praesentation-1024x575.png 1024w, https:\/\/medienkompetenztag.de\/wp-content\/uploads\/Titel_Praesentation-768x431.png 768w, https:\/\/medienkompetenztag.de\/wp-content\/uploads\/Titel_Praesentation-1536x863.png 1536w, https:\/\/medienkompetenztag.de\/wp-content\/uploads\/Titel_Praesentation-2048x1150.png 2048w\" alt=\"\" width=\"2208\" height=\"1240\"><\/p>\n<p>Welche Bedeutung haben Apps, Games, Messenger-Dienste und Online-Plattformen f\u00fcr den Alltag von Heranwachsenden? Diese Fragen kl\u00e4rten wir zu Beginn des Workshops \u201eSoziale Netzwerke und mobile Mediennutzung unter der Lupe\u201c mit den Sch\u00fclern und Sch\u00fclerinnen der 6. Klasse des Gymnasiums Martineum in Halberstadt. Dabei wurde deutlich, dass die Online-Dienste ein wesentlicher Bestandteil der Lebenswelt der Sechstkl\u00e4ssler sind und viele von ihnen darauf nicht mehr verzichten m\u00f6chten. Im gleichen Zug machten sich die Sch\u00fcler\/-innen bewusst, dass in der Online-Welt auch eine ganze Menge Gefahren lauern k\u00f6nnen. Darauf aufbauend gingen wir im weiteren Verlauf des Workshops auf m\u00f6gliche Probleme ein, gaben Tipps zur souver\u00e4nen Internetnutzung und diskutierten rege und zum Teil kontrovers \u00fcber folgende Themen:<\/p>\n<ul>\n<li>Verbreitung von Falschnachrichten und ihre im Netz<\/li>\n<li>Privatsph\u00e4re und Datenschutz bei der Nutzung von Apps und Online-Diensten<\/li>\n<li>Ph\u00e4nomen Cybermobbing und wie kann man gegen Beleidigungen und Anfeindungen vorgehen<\/li>\n<li>Pers\u00f6nlichkeit- und Urheberrecht im Internet<\/li>\n<li>Gesch\u00e4ftsmodelle von YouTubern und Influencern<\/li>\n<\/ul>\n<p>Auf der Grundlage dieser Informationen tauschten sich die Sechstkl\u00e4ssler in Kleingruppen aus und formulierten mithilfe des <a href=\"https:\/\/www.klicksafe.de\/service\/aktuelles\/news\/detail\/neu-unterrichtseinheit-und-plakat-zum-thema-klassenchat-regeln\/?L=0&amp;cHash=f0670f416936fa9b8c3f7d4b7331fff0\" target=\"_blank\" rel=\"noopener noreferrer\">Klicksafe<\/a>-Plakats ihre eigenen Regeln f\u00fcr den\/die Klassenchat\/s.<\/p>\n<p><img loading=\"lazy\" decoding=\"async\" class=\"attachment-full size-full\" src=\"https:\/\/medienkompetenztag.de\/wp-content\/uploads\/Benimm-Regeln.png\" sizes=\"auto, (max-width: 2208px) 100vw, 2208px\" srcset=\"https:\/\/medienkompetenztag.de\/wp-content\/uploads\/Benimm-Regeln.png 2208w, https:\/\/medienkompetenztag.de\/wp-content\/uploads\/Benimm-Regeln-300x168.png 300w, https:\/\/medienkompetenztag.de\/wp-content\/uploads\/Benimm-Regeln-1024x575.png 1024w, https:\/\/medienkompetenztag.de\/wp-content\/uploads\/Benimm-Regeln-768x431.png 768w, https:\/\/medienkompetenztag.de\/wp-content\/uploads\/Benimm-Regeln-1536x863.png 1536w, https:\/\/medienkompetenztag.de\/wp-content\/uploads\/Benimm-Regeln-2048x1150.png 2048w\" alt=\"\" width=\"2208\" height=\"1240\"><\/p>\n","protected":false},"excerpt":{"rendered":"<p>Welche Bedeutung haben Apps, Games, Messenger-Dienste und Online-Plattformen f\u00fcr den Alltag von Heranwachsenden? Diese Fragen kl\u00e4rten wir zu Beginn des Workshops \u201eSoziale Netzwerke und mobile Mediennutzung unter der Lupe\u201c mit den Sch\u00fclern und Sch\u00fclerinnen der 6. Klasse des Gymnasiums Martineum in Halberstadt. Dabei wurde deutlich, dass die Online-Dienste ein wesentlicher Bestandteil der Lebenswelt der Sechstkl\u00e4ssler<a href=\"https:\/\/medienkompetenztag.de\/?p=1832\">[&#8230;]<\/a><\/p>\n","protected":false},"author":2,"featured_media":1760,"comment_status":"closed","ping_status":"closed","sticky":false,"template":"","format":"standard","meta":{"footnotes":""},"categories":[11],"tags":[],"class_list":["post-1832","post","type-post","status-publish","format-standard","has-post-thumbnail","hentry","category-ergebnisse-2019"],"_links":{"self":[{"href":"https:\/\/medienkompetenztag.de\/index.php?rest_route=\/wp\/v2\/posts\/1832","targetHints":{"allow":["GET"]}}],"collection":[{"href":"https:\/\/medienkompetenztag.de\/index.php?rest_route=\/wp\/v2\/posts"}],"about":[{"href":"https:\/\/medienkompetenztag.de\/index.php?rest_route=\/wp\/v2\/types\/post"}],"author":[{"embeddable":true,"href":"https:\/\/medienkompetenztag.de\/index.php?rest_route=\/wp\/v2\/users\/2"}],"replies":[{"embeddable":true,"href":"https:\/\/medienkompetenztag.de\/index.php?rest_route=%2Fwp%2Fv2%2Fcomments&post=1832"}],"version-history":[{"count":4,"href":"https:\/\/medienkompetenztag.de\/index.php?rest_route=\/wp\/v2\/posts\/1832\/revisions"}],"predecessor-version":[{"id":1839,"href":"https:\/\/medienkompetenztag.de\/index.php?rest_route=\/wp\/v2\/posts\/1832\/revisions\/1839"}],"wp:featuredmedia":[{"embeddable":true,"href":"https:\/\/medienkompetenztag.de\/index.php?rest_route=\/wp\/v2\/media\/1760"}],"wp:attachment":[{"href":"https:\/\/medienkompetenztag.de\/index.php?rest_route=%2Fwp%2Fv2%2Fmedia&parent=1832"}],"wp:term":[{"taxonomy":"category","embeddable":true,"href":"https:\/\/medienkompetenztag.de\/index.php?rest_route=%2Fwp%2Fv2%2Fcategories&post=1832"},{"taxonomy":"post_tag","embeddable":true,"href":"https:\/\/medienkompetenztag.de\/index.php?rest_route=%2Fwp%2Fv2%2Ftags&post=1832"}],"curies":[{"name":"wp","href":"https:\/\/api.w.org\/{rel}","templated":true}]}}