{"id":1791,"date":"2019-11-19T12:11:52","date_gmt":"2019-11-19T11:11:52","guid":{"rendered":"https:\/\/medienkompetenztag.de\/?p=1791"},"modified":"2019-11-19T14:15:20","modified_gmt":"2019-11-19T13:15:20","slug":"posten-liken-teilen-social-media-fluch-oder-segen","status":"publish","type":"post","link":"https:\/\/medienkompetenztag.de\/?p=1791","title":{"rendered":"POSTEN, LIKEN, TEILEN! Social Media &#8211; Fluch oder Segen?"},"content":{"rendered":"<p><strong>Veranstalter:<\/strong><\/p>\n<p><span style=\"color: #00ccff;\">workshoppen.de<\/span><\/p>\n<p><strong>Veranstaltungsort:<\/strong><\/p>\n<p><span style=\"color: #000000;\">Johannesbrunnen 34<br \/>\n38820 Halberstadt<\/span><\/p>\n<p><strong>Art der Aktion:<\/strong><\/p>\n<p>thematischer Workshop<\/p>\n<p><strong>Zielgruppe:<\/strong><\/p>\n<p>5. Klasse<\/p>\n<p><strong>Ansprechpartner\/-in:<\/strong><\/p>\n<p>Herr Matthias Melzer<\/p>\n<p>Die Teilnehmenden f\u00fcr die Aktion stehen bereits fest, eine Anmeldung ist leider nicht mehr m\u00f6glich.<\/p>\n<p>Thematisch werden in der 1.H\u00e4lfte eine niedrigschwellige, altersgerechte Einf\u00fchrung in Social Media pr\u00e4sentiert sowie die Mediennutzung &amp; Kommunikation fr\u00fcher, heute und in der Zukunft mithilfe eines Zeitstrahls diskutiert. Dar\u00fcber hinaus sollen grundlegende Kompetenzen und eine Sensibilisierung zu den Themen Datenschutz und Cybermobbing vermittelt werden. Die zweite H\u00e4lfte wird ein kleiner praktischer Medienparcours mit 5 Stationen\/Tischen sein, welche in praktischer Art und Weise den Umgang mit Medien aufzeigen.<\/p>\n<p>20. &#8211; 22.11.2019<\/p>\n<p><strong>Kontakt zum Veranstalter:<\/strong><\/p>\n<p>Gymnasium Martineum Halberstadt<br \/>\n01777511767<br \/>\n<a href=\"mailto:info@workshoppen.de\">info@workshoppen.de<\/a><\/p>\n<p>Hinweise und Anmerkungen des Veranstalters:<\/p>\n","protected":false},"excerpt":{"rendered":"<p>Veranstalter: workshoppen.de Veranstaltungsort: Johannesbrunnen 34 38820 Halberstadt Art der Aktion: thematischer Workshop Zielgruppe: 5. Klasse Ansprechpartner\/-in: Herr Matthias Melzer Die Teilnehmenden f\u00fcr die Aktion stehen bereits fest, eine Anmeldung ist leider nicht mehr m\u00f6glich. Thematisch werden in der 1.H\u00e4lfte eine niedrigschwellige, altersgerechte Einf\u00fchrung in Social Media pr\u00e4sentiert sowie die Mediennutzung &amp; Kommunikation fr\u00fcher, heute und<a href=\"https:\/\/medienkompetenztag.de\/?p=1791\">[&#8230;]<\/a><\/p>\n","protected":false},"author":2,"featured_media":1800,"comment_status":"closed","ping_status":"closed","sticky":false,"template":"","format":"standard","meta":{"footnotes":""},"categories":[10],"tags":[],"class_list":["post-1791","post","type-post","status-publish","format-standard","has-post-thumbnail","hentry","category-aktionen-2019"],"_links":{"self":[{"href":"https:\/\/medienkompetenztag.de\/index.php?rest_route=\/wp\/v2\/posts\/1791","targetHints":{"allow":["GET"]}}],"collection":[{"href":"https:\/\/medienkompetenztag.de\/index.php?rest_route=\/wp\/v2\/posts"}],"about":[{"href":"https:\/\/medienkompetenztag.de\/index.php?rest_route=\/wp\/v2\/types\/post"}],"author":[{"embeddable":true,"href":"https:\/\/medienkompetenztag.de\/index.php?rest_route=\/wp\/v2\/users\/2"}],"replies":[{"embeddable":true,"href":"https:\/\/medienkompetenztag.de\/index.php?rest_route=%2Fwp%2Fv2%2Fcomments&post=1791"}],"version-history":[{"count":2,"href":"https:\/\/medienkompetenztag.de\/index.php?rest_route=\/wp\/v2\/posts\/1791\/revisions"}],"predecessor-version":[{"id":1795,"href":"https:\/\/medienkompetenztag.de\/index.php?rest_route=\/wp\/v2\/posts\/1791\/revisions\/1795"}],"wp:featuredmedia":[{"embeddable":true,"href":"https:\/\/medienkompetenztag.de\/index.php?rest_route=\/wp\/v2\/media\/1800"}],"wp:attachment":[{"href":"https:\/\/medienkompetenztag.de\/index.php?rest_route=%2Fwp%2Fv2%2Fmedia&parent=1791"}],"wp:term":[{"taxonomy":"category","embeddable":true,"href":"https:\/\/medienkompetenztag.de\/index.php?rest_route=%2Fwp%2Fv2%2Fcategories&post=1791"},{"taxonomy":"post_tag","embeddable":true,"href":"https:\/\/medienkompetenztag.de\/index.php?rest_route=%2Fwp%2Fv2%2Ftags&post=1791"}],"curies":[{"name":"wp","href":"https:\/\/api.w.org\/{rel}","templated":true}]}}