{"id":1783,"date":"2019-11-14T22:19:08","date_gmt":"2019-11-14T21:19:08","guid":{"rendered":"https:\/\/medienkompetenztag.de\/?p=1783"},"modified":"2019-11-15T12:20:26","modified_gmt":"2019-11-15T11:20:26","slug":"freie-software-fuer-lehrende-und-lernende-3","status":"publish","type":"post","link":"https:\/\/medienkompetenztag.de\/?p=1783","title":{"rendered":"Freie Software f\u00fcr Lehrende und Lernende"},"content":{"rendered":"<p><strong>Veranstalter:<\/strong><\/p>\n<p><span style=\"color: #00ccff;\">Landesstudienkolleg Sachsen-Anhalt<\/span><\/p>\n<p><strong>Veranstaltungsort:<\/strong><\/p>\n<p><span style=\"color: #000000;\">Universit\u00e4tsplatz 9 (Melanchthonianum, H\u00f6rsaal D)<br \/>\n06108 Halle (Saale) <\/span><\/p>\n<p><strong>Art der Aktion:<\/strong><\/p>\n<p>thematischer Workshop, thematischer Vortrag, thematische Schulung, Gespr\u00e4chsrunde\/Diskussionsrunde<\/p>\n<p><strong>Zielgruppe:<\/strong><\/p>\n<p>Studierenden und Mitarbeiter*innen der MLU<\/p>\n<p><strong>Ansprechpartner\/-in:<\/strong><\/p>\n<p>Herr Matthias Baran<\/p>\n<p>Sonstiges<br \/>\nDie Veranstaltung steht allen Studierenden und Mitarbeiter*innen der MLU offen.<\/p>\n<p>Abgesehen davon, dass man mit Freier Software Unabh\u00e4ngigkeit gewinnt, viel dazu lernt und die gesparten Lizenzkosten besser in Technik, Service und die Weiterentwicklung der Programme investieren kann, ist ein digitaler Werkzeugkasten damit ungemein praktisch.<\/p>\n<p>Das gilt nat\u00fcrlich auch f\u00fcr den digitalen Alltag im Lehr- und Lernkontext. Neben der Verf\u00fcgbarkeit f\u00fcr viele Betriebssysteme, Standardkonformit\u00e4t und einem gro\u00dfen Fundus an Infos und Hilfestellungen eint die Programme eines: vielen sind sie schlicht nicht bekannt, Praxis damit ist Mangelware.<\/p>\n<p>Im Rahmen dieser Veranstaltung soll eine Auswahl vorgestellt werden, es besteht die M\u00f6glichkeit, sie auf dem eigenen Ger\u00e4t auszuprobieren und mit praktischen \u00dcbungen einen kompakten Einstieg dazu zu bekommen.<\/p>\n<p>Im Anschluss gibt es einen Austausch \u00fcber Erfahrungen, Fragen, Hilfestellungen und Weiterbildungsm\u00f6glichkeiten.<\/p>\n<p>* GNU\/Linux<br \/>\n* LibreOffice<br \/>\n* LaTeX<br \/>\n* Pandoc<br \/>\n* OpenBoard<br \/>\n* Gimp<br \/>\n* Inkscape<br \/>\n* Scribus<br \/>\n* Blender<br \/>\n* Moodlebox<br \/>\n* Nextcloud<br \/>\n* \u2026<\/p>\n<p>21.11.2019<\/p>\n<p>17\u201320 Uhr<\/p>\n<p><strong>Kontakt zum Veranstalter:<\/strong><br \/>\nLandesstudienkolleg Sachsen-Anhalt Abteilung Halle<br \/>\nNietlebener Stra\u00dfe 6-8<br \/>\n06126 Halle<br \/>\n0345 5524486<br \/>\n<a href=\"mailto:info@studienkolleg.uni-halle.de\">info@studienkolleg.uni-halle.de<\/a><br \/>\n<a href=\"http:\/\/https:\/\/www.studienkolleg.uni-halle.de\/\" target=\"_blank\" rel=\"noopener noreferrer\">https:\/\/www.studienkolleg.uni-halle.de\/<\/a><\/p>\n<p>Hinweise und Anmerkungen des Veranstalters:<\/p>\n","protected":false},"excerpt":{"rendered":"<p>Veranstalter: Landesstudienkolleg Sachsen-Anhalt Veranstaltungsort: Universit\u00e4tsplatz 9 (Melanchthonianum, H\u00f6rsaal D) 06108 Halle (Saale) Art der Aktion: thematischer Workshop, thematischer Vortrag, thematische Schulung, Gespr\u00e4chsrunde\/Diskussionsrunde Zielgruppe: Studierenden und Mitarbeiter*innen der MLU Ansprechpartner\/-in: Herr Matthias Baran Sonstiges Die Veranstaltung steht allen Studierenden und Mitarbeiter*innen der MLU offen. Abgesehen davon, dass man mit Freier Software Unabh\u00e4ngigkeit gewinnt, viel dazu lernt<a href=\"https:\/\/medienkompetenztag.de\/?p=1783\">[&#8230;]<\/a><\/p>\n","protected":false},"author":0,"featured_media":1785,"comment_status":"closed","ping_status":"closed","sticky":false,"template":"","format":"standard","meta":{"footnotes":""},"categories":[10],"tags":[],"class_list":["post-1783","post","type-post","status-publish","format-standard","has-post-thumbnail","hentry","category-aktionen-2019"],"_links":{"self":[{"href":"https:\/\/medienkompetenztag.de\/index.php?rest_route=\/wp\/v2\/posts\/1783","targetHints":{"allow":["GET"]}}],"collection":[{"href":"https:\/\/medienkompetenztag.de\/index.php?rest_route=\/wp\/v2\/posts"}],"about":[{"href":"https:\/\/medienkompetenztag.de\/index.php?rest_route=\/wp\/v2\/types\/post"}],"replies":[{"embeddable":true,"href":"https:\/\/medienkompetenztag.de\/index.php?rest_route=%2Fwp%2Fv2%2Fcomments&post=1783"}],"version-history":[{"count":3,"href":"https:\/\/medienkompetenztag.de\/index.php?rest_route=\/wp\/v2\/posts\/1783\/revisions"}],"predecessor-version":[{"id":1788,"href":"https:\/\/medienkompetenztag.de\/index.php?rest_route=\/wp\/v2\/posts\/1783\/revisions\/1788"}],"wp:featuredmedia":[{"embeddable":true,"href":"https:\/\/medienkompetenztag.de\/index.php?rest_route=\/wp\/v2\/media\/1785"}],"wp:attachment":[{"href":"https:\/\/medienkompetenztag.de\/index.php?rest_route=%2Fwp%2Fv2%2Fmedia&parent=1783"}],"wp:term":[{"taxonomy":"category","embeddable":true,"href":"https:\/\/medienkompetenztag.de\/index.php?rest_route=%2Fwp%2Fv2%2Fcategories&post=1783"},{"taxonomy":"post_tag","embeddable":true,"href":"https:\/\/medienkompetenztag.de\/index.php?rest_route=%2Fwp%2Fv2%2Ftags&post=1783"}],"curies":[{"name":"wp","href":"https:\/\/api.w.org\/{rel}","templated":true}]}}