{"id":1772,"date":"2019-10-28T15:37:32","date_gmt":"2019-10-28T14:37:32","guid":{"rendered":"https:\/\/medienkompetenztag.de\/?p=1772"},"modified":"2019-11-13T11:44:07","modified_gmt":"2019-11-13T10:44:07","slug":"thementag-im-buergerfernsehen","status":"publish","type":"post","link":"https:\/\/medienkompetenztag.de\/?p=1772","title":{"rendered":"Thementag im B\u00fcrgerfernsehen"},"content":{"rendered":"<p><strong>Veranstalter:<\/strong><\/p>\n<p><span style=\"color: #00ccff;\">Thementag im TV und Tag der Offenen T\u00fcr<\/span><\/p>\n<p><strong><img loading=\"lazy\" decoding=\"async\" class=\"alignnone size-large wp-image-1775\" src=\"https:\/\/medienkompetenztag.de\/wp-content\/uploads\/5.Workshop-1024x348.jpg\" alt=\"\" width=\"640\" height=\"218\" srcset=\"https:\/\/medienkompetenztag.de\/wp-content\/uploads\/5.Workshop-1024x348.jpg 1024w, https:\/\/medienkompetenztag.de\/wp-content\/uploads\/5.Workshop-300x102.jpg 300w, https:\/\/medienkompetenztag.de\/wp-content\/uploads\/5.Workshop-768x261.jpg 768w, https:\/\/medienkompetenztag.de\/wp-content\/uploads\/5.Workshop.jpg 1134w\" sizes=\"auto, (max-width: 640px) 100vw, 640px\" \/><\/strong><\/p>\n<p><strong>Veranstaltungsort:<\/strong><\/p>\n<p><span style=\"color: #000000;\">Geusaer Str. 86 b<br \/>\n06217 Merseburg<\/span><\/p>\n<p><strong>Art der Aktion:<\/strong><\/p>\n<p>\u201eTag der offenen T\u00fcr\u201c an der Einrichtung f\u00fcr alle Interessenten als Einblick in die t\u00e4gliche Arbeit, Sende-Beitrag<\/p>\n<p><strong>Zielgruppe:<\/strong><\/p>\n<p>Menschen mit Interesse an B\u00fcrgermedien &amp; Medienkompetenzvermittlung<\/p>\n<p><strong>Ansprechpartner\/-in:<\/strong><\/p>\n<p>Frau Diana Elsner<\/p>\n<p>Wir begr\u00fc\u00dfen Sie am 21. November 2019 zu unserem Aktionsangebot. Eine Anmeldung ist nicht erforderlich.<\/p>\n<p>Von 12 &#8211; 22 Uhr senden wir vielf\u00e4ltige Beitr\u00e4ge, die in den letzten Jahren im Bereich der Medienkompetenzf\u00f6rderung entstanden sind. Gern k\u00f6nnen Sie auch vor Ort die M\u00f6glichkeiten des Offenen Kanals Merseburg-Querfurt e.V. kennenlernen. Von 12 &#8211; 18 Uhr stehen Ihnen dazu unsere Mitarbeiter*innen f\u00fcr einen Rundgang duch das Fernsehstudio, die Trickfilmwerkstatt sowie die Schnittpl\u00e4tze zur Verf\u00fcgung und beantworten ihre Fragen.<\/p>\n<p>21.11.19 ab 12 Uhr<\/p>\n<p><strong>Kontakt zum Veranstalter:<\/strong><\/p>\n<p>Offener Kanal Merseburg-Querfurt e.V.<br \/>\nGeusaer Str. 86 b<br \/>\n06217 Merseburg<br \/>\n03461 525222<br \/>\n<a href=\"mailto:info@okmq.de\">info@okmq.de<\/a><br \/>\n<a href=\"http:\/\/okmq.de\" target=\"_blank\" rel=\"noopener noreferrer\">okmq.de<\/a><\/p>\n<p>Hinweise und Anmerkungen des Veranstalters:<\/p>\n","protected":false},"excerpt":{"rendered":"<p>Veranstalter: Thementag im TV und Tag der Offenen T\u00fcr Veranstaltungsort: Geusaer Str. 86 b 06217 Merseburg Art der Aktion: \u201eTag der offenen T\u00fcr\u201c an der Einrichtung f\u00fcr alle Interessenten als Einblick in die t\u00e4gliche Arbeit, Sende-Beitrag Zielgruppe: Menschen mit Interesse an B\u00fcrgermedien &amp; Medienkompetenzvermittlung Ansprechpartner\/-in: Frau Diana Elsner Wir begr\u00fc\u00dfen Sie am 21. November 2019<a href=\"https:\/\/medienkompetenztag.de\/?p=1772\">[&#8230;]<\/a><\/p>\n","protected":false},"author":2,"featured_media":1119,"comment_status":"closed","ping_status":"closed","sticky":false,"template":"","format":"standard","meta":{"footnotes":""},"categories":[10],"tags":[],"class_list":["post-1772","post","type-post","status-publish","format-standard","has-post-thumbnail","hentry","category-aktionen-2019"],"_links":{"self":[{"href":"https:\/\/medienkompetenztag.de\/index.php?rest_route=\/wp\/v2\/posts\/1772","targetHints":{"allow":["GET"]}}],"collection":[{"href":"https:\/\/medienkompetenztag.de\/index.php?rest_route=\/wp\/v2\/posts"}],"about":[{"href":"https:\/\/medienkompetenztag.de\/index.php?rest_route=\/wp\/v2\/types\/post"}],"author":[{"embeddable":true,"href":"https:\/\/medienkompetenztag.de\/index.php?rest_route=\/wp\/v2\/users\/2"}],"replies":[{"embeddable":true,"href":"https:\/\/medienkompetenztag.de\/index.php?rest_route=%2Fwp%2Fv2%2Fcomments&post=1772"}],"version-history":[{"count":1,"href":"https:\/\/medienkompetenztag.de\/index.php?rest_route=\/wp\/v2\/posts\/1772\/revisions"}],"predecessor-version":[{"id":1777,"href":"https:\/\/medienkompetenztag.de\/index.php?rest_route=\/wp\/v2\/posts\/1772\/revisions\/1777"}],"wp:featuredmedia":[{"embeddable":true,"href":"https:\/\/medienkompetenztag.de\/index.php?rest_route=\/wp\/v2\/media\/1119"}],"wp:attachment":[{"href":"https:\/\/medienkompetenztag.de\/index.php?rest_route=%2Fwp%2Fv2%2Fmedia&parent=1772"}],"wp:term":[{"taxonomy":"category","embeddable":true,"href":"https:\/\/medienkompetenztag.de\/index.php?rest_route=%2Fwp%2Fv2%2Fcategories&post=1772"},{"taxonomy":"post_tag","embeddable":true,"href":"https:\/\/medienkompetenztag.de\/index.php?rest_route=%2Fwp%2Fv2%2Ftags&post=1772"}],"curies":[{"name":"wp","href":"https:\/\/api.w.org\/{rel}","templated":true}]}}