{"id":1759,"date":"2019-11-06T12:12:51","date_gmt":"2019-11-06T11:12:51","guid":{"rendered":"https:\/\/medienkompetenztag.de\/?p=1759"},"modified":"2019-11-06T12:17:24","modified_gmt":"2019-11-06T11:17:24","slug":"soziale-netzwerke-und-mobile-mediennutzung-unter-der-lupe-aufklaerung-diskussion-praevention","status":"publish","type":"post","link":"https:\/\/medienkompetenztag.de\/?p=1759","title":{"rendered":"Soziale Netzwerke und mobile Mediennutzung unter der Lupe: Aufkl\u00e4rung, Diskussion, Pr\u00e4vention"},"content":{"rendered":"<p><strong>Veranstalter:<\/strong><\/p>\n<p><span style=\"color: #00ccff;\">Gymnasium Martineum Halberstadt in Kooperation mit der Netzwerkstelle Medienkompetenz Sachsen-Anhalt und Medienmobil der Medienanstalt Sachsen-Anhalt<\/span><\/p>\n<p><img loading=\"lazy\" decoding=\"async\" class=\"alignnone wp-image-1475 size-large\" src=\"https:\/\/medienkompetenztag.de\/wp-content\/uploads\/IMG_20181122_090654-1024x768.jpg\" alt=\"\" width=\"640\" height=\"480\" srcset=\"https:\/\/medienkompetenztag.de\/wp-content\/uploads\/IMG_20181122_090654-1024x768.jpg 1024w, https:\/\/medienkompetenztag.de\/wp-content\/uploads\/IMG_20181122_090654-300x225.jpg 300w, https:\/\/medienkompetenztag.de\/wp-content\/uploads\/IMG_20181122_090654-768x576.jpg 768w, https:\/\/medienkompetenztag.de\/wp-content\/uploads\/IMG_20181122_090654-285x214.jpg 285w\" sizes=\"auto, (max-width: 640px) 100vw, 640px\" \/><\/p>\n<p><strong>Veranstaltungsort:<\/strong><\/p>\n<p><span style=\"color: #000000;\">Am Johannesbrunnen 34<br \/>\n38820 Halberstadt<\/span><\/p>\n<p><strong>Art der Aktion:<\/strong><br \/>\nthematischer Workshop<\/p>\n<p><strong>Zielgruppe:<\/strong><br \/>\nSch\u00fclerinnen und Sch\u00fcler<\/p>\n<p><strong>Ansprechpartner\/-in:<\/strong><br \/>\nHerr Alexander Karpilowski (Netzwerkstelle Medienkompetenz Sachsen-Anhalt), Patrick Triemer (Gymnasium Martineum Halberstadt)<\/p>\n<p>Die Teilnehmenden f\u00fcr die Aktion stehen bereits fest, eine Anmeldung ist leider nicht mehr m\u00f6glich.<\/p>\n<p>Soziale Online-Netzwerke sind Teil der Lebenswelt Jugendlicher und Erwachsener. Ein Gro\u00dfteil nutzt sie zur Kommunikation und daf\u00fcr, Up-to-Date zu bleiben. Die positiven Aspekte \u00fcberwiegen jedoch nicht immer. Denn auch Debatten und Konflikte werden hier ausgetragen, zahlreiche pers\u00f6nliche Informationen und Fotos preisgegeben, die von Dritten missbraucht werden und letztlich Pers\u00f6nlichkeits- und Urheberrechte verletzt. Es \u00fcberschatten also auch T\u00e4uschungen und Entt\u00e4uschungen die positiven Seiten der Netzwerke, die sich wiederum durch Emanzipation und Wertsch\u00e4tzung zeigen k\u00f6nnen.<\/p>\n<p>Mit Hilfe verschiedener Methoden werden Potentiale und Problemfelder zusammen mit den Workshopteilnehmenden aufgegriffen und diskutiert. Zahlreiche Tipps und Tricks sollen zu einem sicheren und selbstbestimmten Umgang mit digitalen Medien verhelfen.<\/p>\n<p>Donnerstag, 21.11.2019<\/p>\n<p><strong>Kontakt zum Veranstalter:<br \/>\n<\/strong>Netzwerk Medienkompetenz Sachsen-Anhalt<br \/>\nReichardtstra\u00dfe 8<br \/>\n06114 Halle\/Saale<\/p>\n<p>Tel.: 0345 \/ 52 13 136<br \/>\n<a href=\"mailto:kontakt@medien-kompetenz-netzwerk.de\"> kontakt@medien-kompetenz-netzwerk.de<\/a><br \/>\n<a href=\"http:\/\/www.medien-kompetenz-netzwerk.de\" target=\"_blank\" rel=\"noopener noreferrer\">www.medien-kompetenz-netzwerk.de<\/a><\/p>\n<p>Hinweise und Anmerkungen des Veranstalters:<\/p>\n","protected":false},"excerpt":{"rendered":"<p>Veranstalter: Gymnasium Martineum Halberstadt in Kooperation mit der Netzwerkstelle Medienkompetenz Sachsen-Anhalt und Medienmobil der Medienanstalt Sachsen-Anhalt Veranstaltungsort: Am Johannesbrunnen 34 38820 Halberstadt Art der Aktion: thematischer Workshop Zielgruppe: Sch\u00fclerinnen und Sch\u00fcler Ansprechpartner\/-in: Herr Alexander Karpilowski (Netzwerkstelle Medienkompetenz Sachsen-Anhalt), Patrick Triemer (Gymnasium Martineum Halberstadt) Die Teilnehmenden f\u00fcr die Aktion stehen bereits fest, eine Anmeldung ist leider<a href=\"https:\/\/medienkompetenztag.de\/?p=1759\">[&#8230;]<\/a><\/p>\n","protected":false},"author":0,"featured_media":1760,"comment_status":"closed","ping_status":"closed","sticky":false,"template":"","format":"standard","meta":{"footnotes":""},"categories":[10],"tags":[],"class_list":["post-1759","post","type-post","status-publish","format-standard","has-post-thumbnail","hentry","category-aktionen-2019"],"_links":{"self":[{"href":"https:\/\/medienkompetenztag.de\/index.php?rest_route=\/wp\/v2\/posts\/1759","targetHints":{"allow":["GET"]}}],"collection":[{"href":"https:\/\/medienkompetenztag.de\/index.php?rest_route=\/wp\/v2\/posts"}],"about":[{"href":"https:\/\/medienkompetenztag.de\/index.php?rest_route=\/wp\/v2\/types\/post"}],"replies":[{"embeddable":true,"href":"https:\/\/medienkompetenztag.de\/index.php?rest_route=%2Fwp%2Fv2%2Fcomments&post=1759"}],"version-history":[{"count":2,"href":"https:\/\/medienkompetenztag.de\/index.php?rest_route=\/wp\/v2\/posts\/1759\/revisions"}],"predecessor-version":[{"id":1762,"href":"https:\/\/medienkompetenztag.de\/index.php?rest_route=\/wp\/v2\/posts\/1759\/revisions\/1762"}],"wp:featuredmedia":[{"embeddable":true,"href":"https:\/\/medienkompetenztag.de\/index.php?rest_route=\/wp\/v2\/media\/1760"}],"wp:attachment":[{"href":"https:\/\/medienkompetenztag.de\/index.php?rest_route=%2Fwp%2Fv2%2Fmedia&parent=1759"}],"wp:term":[{"taxonomy":"category","embeddable":true,"href":"https:\/\/medienkompetenztag.de\/index.php?rest_route=%2Fwp%2Fv2%2Fcategories&post=1759"},{"taxonomy":"post_tag","embeddable":true,"href":"https:\/\/medienkompetenztag.de\/index.php?rest_route=%2Fwp%2Fv2%2Ftags&post=1759"}],"curies":[{"name":"wp","href":"https:\/\/api.w.org\/{rel}","templated":true}]}}