{"id":1753,"date":"2019-11-06T10:54:21","date_gmt":"2019-11-06T09:54:21","guid":{"rendered":"https:\/\/medienkompetenztag.de\/?p=1753"},"modified":"2019-11-06T11:36:31","modified_gmt":"2019-11-06T10:36:31","slug":"drei-medienpaedagogische-projekte-in-schulen-im-saalekreis-expedition-beruf-hate-speech-mobbing","status":"publish","type":"post","link":"https:\/\/medienkompetenztag.de\/?p=1753","title":{"rendered":"Drei medienp\u00e4dagogische Projekte in Schulen im Saalekreis (Expedition Beruf, Hate Speech, Mobbing)"},"content":{"rendered":"<p><strong>Veranstalter:<\/strong><\/p>\n<p><span style=\"color: #00ccff;\">WTV &#8211; Der Offene Kanal aus Wettin e.V. \/ Das Nest e.V.<\/span><\/p>\n<p><a href=\"https:\/\/medienkompetenztag.de\/wp-content\/uploads\/Youtube-Workshop-Eisleben-04.jpg\"><img loading=\"lazy\" decoding=\"async\" class=\"alignnone wp-image-1756 size-large\" src=\"https:\/\/medienkompetenztag.de\/wp-content\/uploads\/Youtube-Workshop-Eisleben-04-1024x799.jpg\" alt=\"\" width=\"640\" height=\"499\" srcset=\"https:\/\/medienkompetenztag.de\/wp-content\/uploads\/Youtube-Workshop-Eisleben-04-1024x799.jpg 1024w, https:\/\/medienkompetenztag.de\/wp-content\/uploads\/Youtube-Workshop-Eisleben-04-300x234.jpg 300w, https:\/\/medienkompetenztag.de\/wp-content\/uploads\/Youtube-Workshop-Eisleben-04-768x599.jpg 768w, https:\/\/medienkompetenztag.de\/wp-content\/uploads\/Youtube-Workshop-Eisleben-04.jpg 1538w\" sizes=\"auto, (max-width: 640px) 100vw, 640px\" \/><\/a><\/p>\n<p><strong>Veranstaltungsort:<\/strong><\/p>\n<p><span style=\"color: #000000;\">Naumburger Str. 167<br \/>\n06217 Merseburg<\/span><\/p>\n<p><strong>Art der Aktion:<\/strong><br \/>\nthematischer Workshop<\/p>\n<p><strong>Zielgruppe:<\/strong><br \/>\nSch\u00fcler*innen der 5. bis 10. Klassen<\/p>\n<p><strong>Ansprechpartner\/-in:<\/strong><br \/>\nHerr Jens Rudolph<\/p>\n<p>Sie m\u00fcssen sich f\u00fcr diese Aktion anmelden. Bitte nehmen Sie mit mir\/mit uns Kontakt auf!<\/p>\n<p>In der Woche vom 18. bis 22. November finden an der Schule am S\u00fcdpark in Merseburg und an der GHS Adolf Holst in M\u00fccheln insgesamt drei medienp\u00e4dagogische Projekte statt.<\/p>\n<p>Im Projekt &#8222;Expedition Beruf&#8220; setzen sich Sch\u00fcler*innen der Schule am S\u00fcdpark zu ihrer eigenen beruflichen Orientierung mit ihren Wunschberufsbildern auseinander. Dazu interviewen sie Menschen, die angestrebte Berufe aus\u00fcben, mit der Kamera und schneiden anschlie\u00dfend einen Film.<\/p>\n<p>Im Projekt &#8222;Hate Speech&#8220; setzen sich Sch\u00fcler*innen der Schule am S\u00fcdpark mit dem Thema Hate Speech auseinander. Dazu produzieren Sie verschiedene Formate, wie Interviews, Erkl\u00e4rfilme oder auch einen Spielfilm.<\/p>\n<p>\u00c4hnlich verl\u00e4uft das Projekt Mobbing an der GHS Adolf Holst in M\u00fccheln. Hier liegt der Themenschwerpunkt auf dem Bereich Mobbing bzw. Cybermobbing. Auch hier produzieren die Sch\u00fcler*innen verschiedene Filmformate zum Thema.<\/p>\n<p>Die Ergebnisse sind auf <a href=\"https:\/\/www.wettintv.de\" target=\"_blank\" rel=\"noopener noreferrer\">www.wettintv.de<\/a> abrufbar.<\/p>\n<p>Am 21.11.2019 von 8 bis 12 Uhr<\/p>\n<p><strong>Kontakt zum Veranstalter:<\/strong><br \/>\nLange Reihe 49<br \/>\n06193 Wettin-L\u00f6bej\u00fcn (OT Wettin)<br \/>\n034607 &#8211; 21738<br \/>\n<a href=\"mailto:info@wettintv.de\">info@wettintv.de<\/a><br \/>\n<a href=\"http:\/\/www.wettintv.de\" target=\"_blank\" rel=\"noopener noreferrer\">www.wettintv.de<\/a><\/p>\n<p>Hinweise und Anmerkungen des Veranstalters:<\/p>\n","protected":false},"excerpt":{"rendered":"<p>Veranstalter: WTV &#8211; Der Offene Kanal aus Wettin e.V. \/ Das Nest e.V. Veranstaltungsort: Naumburger Str. 167 06217 Merseburg Art der Aktion: thematischer Workshop Zielgruppe: Sch\u00fcler*innen der 5. bis 10. Klassen Ansprechpartner\/-in: Herr Jens Rudolph Sie m\u00fcssen sich f\u00fcr diese Aktion anmelden. Bitte nehmen Sie mit mir\/mit uns Kontakt auf! In der Woche vom 18.<a href=\"https:\/\/medienkompetenztag.de\/?p=1753\">[&#8230;]<\/a><\/p>\n","protected":false},"author":0,"featured_media":1755,"comment_status":"closed","ping_status":"closed","sticky":false,"template":"","format":"standard","meta":{"footnotes":""},"categories":[10],"tags":[],"class_list":["post-1753","post","type-post","status-publish","format-standard","has-post-thumbnail","hentry","category-aktionen-2019"],"_links":{"self":[{"href":"https:\/\/medienkompetenztag.de\/index.php?rest_route=\/wp\/v2\/posts\/1753","targetHints":{"allow":["GET"]}}],"collection":[{"href":"https:\/\/medienkompetenztag.de\/index.php?rest_route=\/wp\/v2\/posts"}],"about":[{"href":"https:\/\/medienkompetenztag.de\/index.php?rest_route=\/wp\/v2\/types\/post"}],"replies":[{"embeddable":true,"href":"https:\/\/medienkompetenztag.de\/index.php?rest_route=%2Fwp%2Fv2%2Fcomments&post=1753"}],"version-history":[{"count":2,"href":"https:\/\/medienkompetenztag.de\/index.php?rest_route=\/wp\/v2\/posts\/1753\/revisions"}],"predecessor-version":[{"id":1758,"href":"https:\/\/medienkompetenztag.de\/index.php?rest_route=\/wp\/v2\/posts\/1753\/revisions\/1758"}],"wp:featuredmedia":[{"embeddable":true,"href":"https:\/\/medienkompetenztag.de\/index.php?rest_route=\/wp\/v2\/media\/1755"}],"wp:attachment":[{"href":"https:\/\/medienkompetenztag.de\/index.php?rest_route=%2Fwp%2Fv2%2Fmedia&parent=1753"}],"wp:term":[{"taxonomy":"category","embeddable":true,"href":"https:\/\/medienkompetenztag.de\/index.php?rest_route=%2Fwp%2Fv2%2Fcategories&post=1753"},{"taxonomy":"post_tag","embeddable":true,"href":"https:\/\/medienkompetenztag.de\/index.php?rest_route=%2Fwp%2Fv2%2Ftags&post=1753"}],"curies":[{"name":"wp","href":"https:\/\/api.w.org\/{rel}","templated":true}]}}