{"id":1719,"date":"2019-10-08T11:53:46","date_gmt":"2019-10-08T09:53:46","guid":{"rendered":"https:\/\/medienkompetenztag.de\/?p=1719"},"modified":"2019-11-04T16:16:36","modified_gmt":"2019-11-04T15:16:36","slug":"get-in-touch-das-digitale-whiteboard-im-einsatz","status":"publish","type":"post","link":"https:\/\/medienkompetenztag.de\/?p=1719","title":{"rendered":"Get in touch! Das digitale Whiteboard im Einsatz"},"content":{"rendered":"<p><strong>Veranstalter:<\/strong><\/p>\n<p><span style=\"color: #00ccff;\">Projekt [D-3] Deutsch Didaktik Digital<\/span><\/p>\n<p><strong>Veranstaltungsort:<\/strong><\/p>\n<p><span style=\"color: #000000;\">Luisenstra\u00dfe 2, R. 2<br \/>\n06108 Halle<\/span><\/p>\n<p><strong>Art der Aktion:<\/strong><br \/>\nGespr\u00e4chsrunde\/Diskussionsrunde, \u201eTag der offenen T\u00fcr\u201c an der Einrichtung f\u00fcr alle Interessenten als Einblick in die t\u00e4gliche Arbeit, Sonstiges<br \/>\nMitmach-Aktion<\/p>\n<p><strong>Zielgruppe:<\/strong><br \/>\nalle Interessierten, insbesondere k\u00fcnftige, angehende und aktive Lehrkr\u00e4fte an Schule und Hochschule<\/p>\n<p><strong>Ansprechpartner\/-in:<\/strong><br \/>\nFrau Dr. Gunhild Berg<\/p>\n<p>Sonstiges<br \/>\nSollten Sie\/ solltet Ihr als Gruppe mit mehr als 5 Personen kommen wollen, bitten wir um vorherige Anmeldung per E-Mail an d3@germanistik.uni-halle.de<\/p>\n<p>Wir laden alle, die interessiert sind, und besonders k\u00fcnftige, angehende und aktive Lehrkr\u00e4fte aus Schule und Universit\u00e4t ein, das Projekt [D-3] Deutsch Didaktik Digital kennen zu lernen. Wir wollen Ihnen\/Euch uns und unsere Arbeit vorstellen \u2013 nicht in einem Vortrag oder mit einem festen Programm, sondern im offenen Gespr\u00e4ch mit Ihren\/Euren Fragen.<br \/>\nDaf\u00fcr sind wir am 21. November von 14.00 bis 16.00 Uhr im Seminarraum 2 in der Luisenstra\u00dfe 2 anzutreffen. Das ist einer unserer Einsatzorte, denn unsere Aufgaben drehen sich rund um den Einsatz digitaler Methoden und Medien in Lehrveranstaltungen der Deutschdidaktik der Martin-Luther-Universit\u00e4t.<\/p>\n<p><img loading=\"lazy\" decoding=\"async\" class=\"wp-image-1723 size-medium aligncenter\" src=\"https:\/\/medienkompetenztag.de\/wp-content\/uploads\/GiT-225x300.jpeg\" alt=\"\" width=\"225\" height=\"300\" srcset=\"https:\/\/medienkompetenztag.de\/wp-content\/uploads\/GiT-225x300.jpeg 225w, https:\/\/medienkompetenztag.de\/wp-content\/uploads\/GiT-768x1024.jpeg 768w, https:\/\/medienkompetenztag.de\/wp-content\/uploads\/GiT.jpeg 1200w\" sizes=\"auto, (max-width: 225px) 100vw, 225px\" \/><\/p>\n<p>Im Seminarraum 2 befindet sich auch unser Projekt-Flatpanel. Wer Lust hat, kann selbst Hands-on diese interaktive Tafel ausprobieren! Kleine Anwendungen und Programme f\u00fcr den Einsatz des Ger\u00e4ts im Unterricht stehen bereit.<\/p>\n<p>21. November 2019, 14-16 Uhr<\/p>\n<p><strong>Kontakt zum Veranstalter:<\/strong><\/p>\n<p>Projekt [D-3] Deutsch Didaktik Digital<br \/>\nGermanistisches Institut der Martin-Luther-Universit\u00e4t Halle-Wittenberg<br \/>\nLuisenstra\u00dfe 2<br \/>\n06108 Halle<br \/>\n+49 (0)345 55 23 658<\/p>\n<p><a href=\"mailto:d3@germanistik.uni-halle.de\">d3@germanistik.uni-halle.de<\/a><br \/>\n<a href=\"http:\/\/https:\/\/d-3.germanistik.uni-halle.de\/\" target=\"_blank\" rel=\"noopener noreferrer\">https:\/\/d-3.germanistik.uni-halle.de\/<\/a><\/p>\n<p>Hinweise und Anmerkungen des Veranstalters:<br \/>\nFollow us! @D3_Projekt<\/p>\n","protected":false},"excerpt":{"rendered":"<p>Veranstalter: Projekt [D-3] Deutsch Didaktik Digital Veranstaltungsort: Luisenstra\u00dfe 2, R. 2 06108 Halle Art der Aktion: Gespr\u00e4chsrunde\/Diskussionsrunde, \u201eTag der offenen T\u00fcr\u201c an der Einrichtung f\u00fcr alle Interessenten als Einblick in die t\u00e4gliche Arbeit, Sonstiges Mitmach-Aktion Zielgruppe: alle Interessierten, insbesondere k\u00fcnftige, angehende und aktive Lehrkr\u00e4fte an Schule und Hochschule Ansprechpartner\/-in: Frau Dr. Gunhild Berg Sonstiges Sollten<a href=\"https:\/\/medienkompetenztag.de\/?p=1719\">[&#8230;]<\/a><\/p>\n","protected":false},"author":2,"featured_media":1722,"comment_status":"closed","ping_status":"closed","sticky":false,"template":"","format":"standard","meta":{"footnotes":""},"categories":[10],"tags":[],"class_list":["post-1719","post","type-post","status-publish","format-standard","has-post-thumbnail","hentry","category-aktionen-2019"],"_links":{"self":[{"href":"https:\/\/medienkompetenztag.de\/index.php?rest_route=\/wp\/v2\/posts\/1719","targetHints":{"allow":["GET"]}}],"collection":[{"href":"https:\/\/medienkompetenztag.de\/index.php?rest_route=\/wp\/v2\/posts"}],"about":[{"href":"https:\/\/medienkompetenztag.de\/index.php?rest_route=\/wp\/v2\/types\/post"}],"author":[{"embeddable":true,"href":"https:\/\/medienkompetenztag.de\/index.php?rest_route=\/wp\/v2\/users\/2"}],"replies":[{"embeddable":true,"href":"https:\/\/medienkompetenztag.de\/index.php?rest_route=%2Fwp%2Fv2%2Fcomments&post=1719"}],"version-history":[{"count":5,"href":"https:\/\/medienkompetenztag.de\/index.php?rest_route=\/wp\/v2\/posts\/1719\/revisions"}],"predecessor-version":[{"id":1727,"href":"https:\/\/medienkompetenztag.de\/index.php?rest_route=\/wp\/v2\/posts\/1719\/revisions\/1727"}],"wp:featuredmedia":[{"embeddable":true,"href":"https:\/\/medienkompetenztag.de\/index.php?rest_route=\/wp\/v2\/media\/1722"}],"wp:attachment":[{"href":"https:\/\/medienkompetenztag.de\/index.php?rest_route=%2Fwp%2Fv2%2Fmedia&parent=1719"}],"wp:term":[{"taxonomy":"category","embeddable":true,"href":"https:\/\/medienkompetenztag.de\/index.php?rest_route=%2Fwp%2Fv2%2Fcategories&post=1719"},{"taxonomy":"post_tag","embeddable":true,"href":"https:\/\/medienkompetenztag.de\/index.php?rest_route=%2Fwp%2Fv2%2Ftags&post=1719"}],"curies":[{"name":"wp","href":"https:\/\/api.w.org\/{rel}","templated":true}]}}