{"id":1604,"date":"2019-05-20T12:55:39","date_gmt":"2019-05-20T10:55:39","guid":{"rendered":"https:\/\/medienkompetenztag.de\/?p=1604"},"modified":"2019-11-04T16:16:19","modified_gmt":"2019-11-04T15:16:19","slug":"multiplikatorinnen-fortbildung-zur-mediennutzung-und-medienerziehung","status":"publish","type":"post","link":"https:\/\/medienkompetenztag.de\/?p=1604","title":{"rendered":"Multiplikator*innen Fortbildung zur Mediennutzung und Medienerziehung"},"content":{"rendered":"<p><strong>Veranstalter:<\/strong><\/p>\n<p><span style=\"color: #00ccff;\">Medienanstalt Sachsen-Anhalt<\/span><\/p>\n<p><strong>Veranstaltungsort:<\/strong><\/p>\n<p><span style=\"color: #000000;\">Reichardtstra\u00dfe 8<br \/>\n06114 Halle<\/span><\/p>\n<p><strong>Art der Aktion:<\/strong><br \/>\nthematischer Workshop<\/p>\n<p><strong>Zielgruppe:<\/strong><br \/>\nErzieher*innen von Kindertageseinrichtungen<\/p>\n<p><strong>Ansprechpartner\/-in:<\/strong><br \/>\nFrau Katja Wolf<\/p>\n<p>Die Teilnehmenden f\u00fcr die Aktion stehen bereits fest, eine Anmeldung ist leider nicht mehr m\u00f6glich.<\/p>\n<p>In dem Workshop sollen Mediennutzungsgewohnheiten von Kindern besprochen und die Grundlagen der medienp\u00e4dagogischen Arbeit erl\u00e4utert und vermittelt werden. Nicht nur Projektarten mit unterschiedlichen Herangehensweisen zu verschiedenen Medienthemen werden vorgestellt. Es geht um das Kennenlernen von Methoden f\u00fcr die Elternarbeit und um einen produktiven und effektiven Medieneinsatz in Kindertageseinrichtungen.<\/p>\n<p>21.11.2019, 9.00 &#8211; 15.00 Uhr, Medienkompetenzzentrum der Medienanstalt Sachsen-Anhalt<\/p>\n<p><strong>Kontakt zum Veranstalter:<\/strong><br \/>\nMedienanstalt Sachsen-Anhalt<br \/>\nReichardtstra\u00dfe 9<br \/>\n06114 Halle<br \/>\n0345-5255-0<br \/>\n<a href=\"mailto:wolf@medienanstalt-sachsen-anhalt.de\">wolf@medienanstalt-sachsen-anhalt.de<\/a><br \/>\n<a href=\"http:\/\/www.medienanstalt-sachsen-anhalt.de\" target=\"_blank\" rel=\"noopener noreferrer\">www.medienanstalt-sachsen-anhalt.de<\/a><\/p>\n<p>Hinweise und Anmerkungen des Veranstalters:<\/p>\n","protected":false},"excerpt":{"rendered":"<p>Veranstalter: Medienanstalt Sachsen-Anhalt Veranstaltungsort: Reichardtstra\u00dfe 8 06114 Halle Art der Aktion: thematischer Workshop Zielgruppe: Erzieher*innen von Kindertageseinrichtungen Ansprechpartner\/-in: Frau Katja Wolf Die Teilnehmenden f\u00fcr die Aktion stehen bereits fest, eine Anmeldung ist leider nicht mehr m\u00f6glich. In dem Workshop sollen Mediennutzungsgewohnheiten von Kindern besprochen und die Grundlagen der medienp\u00e4dagogischen Arbeit erl\u00e4utert und vermittelt werden. Nicht<a href=\"https:\/\/medienkompetenztag.de\/?p=1604\">[&#8230;]<\/a><\/p>\n","protected":false},"author":2,"featured_media":713,"comment_status":"closed","ping_status":"closed","sticky":false,"template":"","format":"standard","meta":{"footnotes":""},"categories":[10],"tags":[],"class_list":["post-1604","post","type-post","status-publish","format-standard","has-post-thumbnail","hentry","category-aktionen-2019"],"_links":{"self":[{"href":"https:\/\/medienkompetenztag.de\/index.php?rest_route=\/wp\/v2\/posts\/1604","targetHints":{"allow":["GET"]}}],"collection":[{"href":"https:\/\/medienkompetenztag.de\/index.php?rest_route=\/wp\/v2\/posts"}],"about":[{"href":"https:\/\/medienkompetenztag.de\/index.php?rest_route=\/wp\/v2\/types\/post"}],"author":[{"embeddable":true,"href":"https:\/\/medienkompetenztag.de\/index.php?rest_route=\/wp\/v2\/users\/2"}],"replies":[{"embeddable":true,"href":"https:\/\/medienkompetenztag.de\/index.php?rest_route=%2Fwp%2Fv2%2Fcomments&post=1604"}],"version-history":[{"count":3,"href":"https:\/\/medienkompetenztag.de\/index.php?rest_route=\/wp\/v2\/posts\/1604\/revisions"}],"predecessor-version":[{"id":1712,"href":"https:\/\/medienkompetenztag.de\/index.php?rest_route=\/wp\/v2\/posts\/1604\/revisions\/1712"}],"wp:featuredmedia":[{"embeddable":true,"href":"https:\/\/medienkompetenztag.de\/index.php?rest_route=\/wp\/v2\/media\/713"}],"wp:attachment":[{"href":"https:\/\/medienkompetenztag.de\/index.php?rest_route=%2Fwp%2Fv2%2Fmedia&parent=1604"}],"wp:term":[{"taxonomy":"category","embeddable":true,"href":"https:\/\/medienkompetenztag.de\/index.php?rest_route=%2Fwp%2Fv2%2Fcategories&post=1604"},{"taxonomy":"post_tag","embeddable":true,"href":"https:\/\/medienkompetenztag.de\/index.php?rest_route=%2Fwp%2Fv2%2Ftags&post=1604"}],"curies":[{"name":"wp","href":"https:\/\/api.w.org\/{rel}","templated":true}]}}