{"id":1533,"date":"2018-12-28T17:11:32","date_gmt":"2018-12-28T16:11:32","guid":{"rendered":"https:\/\/medienkompetenztag.de\/?p=1533"},"modified":"2019-01-03T09:35:53","modified_gmt":"2019-01-03T08:35:53","slug":"freie-software-fuer-lehrende-und-lernende-2","status":"publish","type":"post","link":"https:\/\/medienkompetenztag.de\/?p=1533","title":{"rendered":"Freie Software f\u00fcr Lehrende und Lernende"},"content":{"rendered":"<p>Am 22.November 2018 fand im Landesstudienkolleg Sachsen-Anhalt, Abteilung Halle, im Rahmen des \u201eTages der Medienkompetenz\u201c die Veranstaltung \u201eFreie Software f\u00fcr Lehrende und Lernende statt.\u201c <\/p>\n<p>Die Veranstaltung sollte einen Beitrag zur Medienbildung der Lehrenden und Studierenden des Studienkollegs leisten, mit dem Fokus auf die Entwicklung einer individuell verantworteten Bildungskultur.<\/p>\n<p>In der Praxis verlagert sich der Schwerpunkt im Einsatz digitaler Medien und Werkzeuge oftmals vom eigentlichen Aufgabenfeld hin zur Kenntnis der Funktionen und Arbeitsweisen einiger weniger spezieller, meist propriet\u00e4rer Software-Produkte. Neben den kommerziellen Aspekten sollten vor allem die damit einhergehenden Einschr\u00e4nkungen der eigenen Gestaltungsm\u00f6glichkeiten und nicht zuletzt auch die damit verbundenen Sicherheitsaspekte Teil der Betrachtung sein.<\/p>\n<p>Freie und quelloffene Software kann in diesem Kontext eine Br\u00fccke schlagen sowohl zum Verst\u00e4ndnis grundlegender Strategien und Techniken der digitalen Arbeitsmittel als auch zu n\u00fctzlichen Arbeitsabl\u00e4ufen, verl\u00e4sslichen Standards und sicheren wie nachhaltigen Arbeitsweisen. Damit bieten sie gro\u00dfes Potential zur Entwicklung der Mittel und M\u00f6glichkeiten, sowie der Arbeits- und Kommunikationskultur im Bildungsalltag.<\/p>\n<p>Neben wirtschaftlichen und gesellschaftlichen Aspekten ging es bei der Veranstaltung vor allem um eine praxistaugliche Einf\u00fchrung in die Arbeit mit diversen freien Software-Paketen und eine Handreichung zur gezielten Auswahl der Werkzeuge, Dateiformate und Vorgehensweisen, bezogen auf die jeweiligen Aufgabenstellungen und Rahmenbedingungen:<\/p>\n<p>* Arbeiten mit \u201eDigitaler Tafel\u201c<br \/>\n* Erstellen von Klausur- und Testat-Dokumenten<br \/>\n* Vektorisierung und Konvertierung von Handskizzen<br \/>\n* Pr\u00e4sentations-Erstellung auf Basis von einfachen Text-Dateien<br \/>\n* Recherche, Installation und Aktualisierung von Software<br \/>\n* Lizenzen f\u00fcr freie Software und freie Bildungsmaterialien<\/p>\n<p>Organisation und Durchf\u00fchrung der Veranstaltung: Dipl.-Designer Matthias Baran<\/p>\n<blockquote hcb-fetch-image-from=\"https:\/\/medienkompetenztag.de\/?p=1399\" class=\"wp-embedded-content\" data-secret=\"VjfvG6CZpK\"><p><a href=\"https:\/\/medienkompetenztag.de\/?p=1399\">Freie Software f\u00fcr Lehrende und Lernende<\/a><\/p><\/blockquote>\n<p><iframe loading=\"lazy\" class=\"wp-embedded-content\" sandbox=\"allow-scripts\" security=\"restricted\" style=\"position: absolute; clip: rect(1px, 1px, 1px, 1px);\" title=\"&#8222;Freie Software f\u00fcr Lehrende und Lernende&#8220; &#8212; Tag der Medienkompetenz Sachsen-Anhalt\" src=\"https:\/\/medienkompetenztag.de\/?p=1399&#038;embed=true#?secret=4f7SJ8p6rq#?secret=VjfvG6CZpK\" data-secret=\"VjfvG6CZpK\" width=\"600\" height=\"338\" frameborder=\"0\" marginwidth=\"0\" marginheight=\"0\" scrolling=\"no\"><\/iframe><\/p>\n<p><img loading=\"lazy\" decoding=\"async\" width=\"800\" height=\"600\" src=\"https:\/\/medienkompetenztag.de\/wp-content\/uploads\/medienkompetenztag_01.jpg\" class=\"attachment-full size-full\" alt=\"\" srcset=\"https:\/\/medienkompetenztag.de\/wp-content\/uploads\/medienkompetenztag_01.jpg 800w, https:\/\/medienkompetenztag.de\/wp-content\/uploads\/medienkompetenztag_01-300x225.jpg 300w, https:\/\/medienkompetenztag.de\/wp-content\/uploads\/medienkompetenztag_01-768x576.jpg 768w, https:\/\/medienkompetenztag.de\/wp-content\/uploads\/medienkompetenztag_01-285x214.jpg 285w\" \/><img loading=\"lazy\" decoding=\"async\" width=\"800\" height=\"437\" src=\"https:\/\/medienkompetenztag.de\/wp-content\/uploads\/medienkompetenztag_02.jpg\" class=\"attachment-full size-full\" alt=\"\" srcset=\"https:\/\/medienkompetenztag.de\/wp-content\/uploads\/medienkompetenztag_02.jpg 800w, https:\/\/medienkompetenztag.de\/wp-content\/uploads\/medienkompetenztag_02-300x164.jpg 300w, https:\/\/medienkompetenztag.de\/wp-content\/uploads\/medienkompetenztag_02-768x420.jpg 768w\" \/><\/p>\n","protected":false},"excerpt":{"rendered":"<p>Am 22.November 2018 fand im Landesstudienkolleg Sachsen-Anhalt, Abteilung Halle, im Rahmen des \u201eTages der Medienkompetenz\u201c die Veranstaltung \u201eFreie Software f\u00fcr Lehrende und Lernende statt.\u201c Die Veranstaltung sollte einen Beitrag zur Medienbildung der Lehrenden und Studierenden des Studienkollegs leisten, mit dem Fokus auf die Entwicklung einer individuell verantworteten Bildungskultur. In der Praxis verlagert sich der Schwerpunkt<a href=\"https:\/\/medienkompetenztag.de\/?p=1533\">[&#8230;]<\/a><\/p>\n","protected":false},"author":2,"featured_media":1535,"comment_status":"closed","ping_status":"closed","sticky":false,"template":"","format":"standard","meta":{"footnotes":""},"categories":[9],"tags":[],"class_list":["post-1533","post","type-post","status-publish","format-standard","has-post-thumbnail","hentry","category-ergebnisse-2018"],"_links":{"self":[{"href":"https:\/\/medienkompetenztag.de\/index.php?rest_route=\/wp\/v2\/posts\/1533","targetHints":{"allow":["GET"]}}],"collection":[{"href":"https:\/\/medienkompetenztag.de\/index.php?rest_route=\/wp\/v2\/posts"}],"about":[{"href":"https:\/\/medienkompetenztag.de\/index.php?rest_route=\/wp\/v2\/types\/post"}],"author":[{"embeddable":true,"href":"https:\/\/medienkompetenztag.de\/index.php?rest_route=\/wp\/v2\/users\/2"}],"replies":[{"embeddable":true,"href":"https:\/\/medienkompetenztag.de\/index.php?rest_route=%2Fwp%2Fv2%2Fcomments&post=1533"}],"version-history":[{"count":2,"href":"https:\/\/medienkompetenztag.de\/index.php?rest_route=\/wp\/v2\/posts\/1533\/revisions"}],"predecessor-version":[{"id":1540,"href":"https:\/\/medienkompetenztag.de\/index.php?rest_route=\/wp\/v2\/posts\/1533\/revisions\/1540"}],"wp:featuredmedia":[{"embeddable":true,"href":"https:\/\/medienkompetenztag.de\/index.php?rest_route=\/wp\/v2\/media\/1535"}],"wp:attachment":[{"href":"https:\/\/medienkompetenztag.de\/index.php?rest_route=%2Fwp%2Fv2%2Fmedia&parent=1533"}],"wp:term":[{"taxonomy":"category","embeddable":true,"href":"https:\/\/medienkompetenztag.de\/index.php?rest_route=%2Fwp%2Fv2%2Fcategories&post=1533"},{"taxonomy":"post_tag","embeddable":true,"href":"https:\/\/medienkompetenztag.de\/index.php?rest_route=%2Fwp%2Fv2%2Ftags&post=1533"}],"curies":[{"name":"wp","href":"https:\/\/api.w.org\/{rel}","templated":true}]}}