{"id":1525,"date":"2018-12-18T11:21:13","date_gmt":"2018-12-18T10:21:13","guid":{"rendered":"https:\/\/medienkompetenztag.de\/?p=1525"},"modified":"2018-12-18T11:56:42","modified_gmt":"2018-12-18T10:56:42","slug":"leitbild-netzwerk-oer-lsa","status":"publish","type":"post","link":"https:\/\/medienkompetenztag.de\/?p=1525","title":{"rendered":"Leitbild Netzwerk OER-LSA"},"content":{"rendered":"<p>&nbsp;<br \/>\nIn einer angenehmen Atmosph\u00e4re, begleitet von konstruktivem Austausch, interessanten Ideen und dem Willen, OER in Sachsen-Anhalt vorw\u00e4rtszubringen, haben die oerlsa Akteure das Leitbild ihrer Community beschlossen. Das Leitbild wurde auf der Webseite des <a href=\"https:\/\/oer-lsa.de\/leitbild\/\" target=\"_blank\" rel=\"noopener\">Netzwerks<\/a> ver\u00f6ffentlicht und steht als <a href=\"https:\/\/oer-lsa.de\/files\/leitbild.pdf\" target=\"_blank\" rel=\"noopener\">PDF<\/a> zur Verf\u00fcgung.<\/p>\n<p>Auf der <a href=\"https:\/\/oer-lsa.de\/\" target=\"_blank\" rel=\"noopener\">Webseite<\/a> von oerlsa k\u00f6nnen Sie sich \u00fcber die Aktivit\u00e4ten des Netzwerks informieren und sich als Akteur registrieren.<\/p>\n<div>Das Leitbild wurde von oer-lsa unter <a href=\"https:\/\/creativecommons.org\/licenses\/by\/4.0\/deed.de\" target=\"_blank\" rel=\"noopener\">cc-by-4.0<\/a> ver\u00f6ffentlicht.<\/div>\n<div><\/div>\n<blockquote class=\"twitter-tweet\" data-lang=\"de\">\n<p dir=\"ltr\" lang=\"de\"><a href=\"https:\/\/twitter.com\/hashtag\/oerlsa?src=hash&amp;ref_src=twsrc%5Etfw\">#oerlsa<\/a> Netzwerktreffen: in gem\u00fctlicher Runde arbeiten <a href=\"https:\/\/twitter.com\/hashtag\/bildung?src=hash&amp;ref_src=twsrc%5Etfw\">#bildung<\/a> <a href=\"https:\/\/twitter.com\/hashtag\/OER?src=hash&amp;ref_src=twsrc%5Etfw\">#OER<\/a> <a href=\"https:\/\/twitter.com\/hashtag\/sachsenanhalt?src=hash&amp;ref_src=twsrc%5Etfw\">#sachsenanhalt<\/a> <a href=\"https:\/\/t.co\/mldEXHmZLw\">https:\/\/t.co\/mldEXHmZLw<\/a> <a href=\"https:\/\/t.co\/C8X4hJh1xd\">pic.twitter.com\/C8X4hJh1xd<\/a><\/p>\n<p>\u2014 Ines Bieler (@seni_bl) <a href=\"https:\/\/twitter.com\/seni_bl\/status\/1065687056565895169?ref_src=twsrc%5Etfw\">22. November 2018<\/a><\/p><\/blockquote>\n<p><script async src=\"https:\/\/platform.twitter.com\/widgets.js\" charset=\"utf-8\"><\/script><\/p>\n<div><\/div>\n<div><\/div>\n","protected":false},"excerpt":{"rendered":"<p>&nbsp; In einer angenehmen Atmosph\u00e4re, begleitet von konstruktivem Austausch, interessanten Ideen und dem Willen, OER in Sachsen-Anhalt vorw\u00e4rtszubringen, haben die oerlsa Akteure das Leitbild ihrer Community beschlossen. Das Leitbild wurde auf der Webseite des Netzwerks ver\u00f6ffentlicht und steht als PDF zur Verf\u00fcgung. Auf der Webseite von oerlsa k\u00f6nnen Sie sich \u00fcber die Aktivit\u00e4ten des Netzwerks<a href=\"https:\/\/medienkompetenztag.de\/?p=1525\">[&#8230;]<\/a><\/p>\n","protected":false},"author":2,"featured_media":1444,"comment_status":"closed","ping_status":"closed","sticky":false,"template":"","format":"standard","meta":{"footnotes":""},"categories":[9],"tags":[],"class_list":["post-1525","post","type-post","status-publish","format-standard","has-post-thumbnail","hentry","category-ergebnisse-2018"],"_links":{"self":[{"href":"https:\/\/medienkompetenztag.de\/index.php?rest_route=\/wp\/v2\/posts\/1525","targetHints":{"allow":["GET"]}}],"collection":[{"href":"https:\/\/medienkompetenztag.de\/index.php?rest_route=\/wp\/v2\/posts"}],"about":[{"href":"https:\/\/medienkompetenztag.de\/index.php?rest_route=\/wp\/v2\/types\/post"}],"author":[{"embeddable":true,"href":"https:\/\/medienkompetenztag.de\/index.php?rest_route=\/wp\/v2\/users\/2"}],"replies":[{"embeddable":true,"href":"https:\/\/medienkompetenztag.de\/index.php?rest_route=%2Fwp%2Fv2%2Fcomments&post=1525"}],"version-history":[{"count":5,"href":"https:\/\/medienkompetenztag.de\/index.php?rest_route=\/wp\/v2\/posts\/1525\/revisions"}],"predecessor-version":[{"id":1532,"href":"https:\/\/medienkompetenztag.de\/index.php?rest_route=\/wp\/v2\/posts\/1525\/revisions\/1532"}],"wp:featuredmedia":[{"embeddable":true,"href":"https:\/\/medienkompetenztag.de\/index.php?rest_route=\/wp\/v2\/media\/1444"}],"wp:attachment":[{"href":"https:\/\/medienkompetenztag.de\/index.php?rest_route=%2Fwp%2Fv2%2Fmedia&parent=1525"}],"wp:term":[{"taxonomy":"category","embeddable":true,"href":"https:\/\/medienkompetenztag.de\/index.php?rest_route=%2Fwp%2Fv2%2Fcategories&post=1525"},{"taxonomy":"post_tag","embeddable":true,"href":"https:\/\/medienkompetenztag.de\/index.php?rest_route=%2Fwp%2Fv2%2Ftags&post=1525"}],"curies":[{"name":"wp","href":"https:\/\/api.w.org\/{rel}","templated":true}]}}