{"id":1498,"date":"2018-11-28T17:04:39","date_gmt":"2018-11-28T16:04:39","guid":{"rendered":"https:\/\/medienkompetenztag.de\/?p=1498"},"modified":"2018-12-07T08:49:28","modified_gmt":"2018-12-07T07:49:28","slug":"tag-der-offenen-tuer-beim-offenen-kanal-wettin","status":"publish","type":"post","link":"https:\/\/medienkompetenztag.de\/?p=1498","title":{"rendered":"Tag der Offenen T\u00fcr beim Offenen Kanal Wettin"},"content":{"rendered":"<p>Der Offene Kanal Wettin lud am Donnerstag, 22. November 2018 von 8.15 bis 13.15 Uhr zu einem Tag der Offenen T\u00fcr ein. Vor Ort wurden Produktionen von Nutzer*innen des Offenen Kanals aus den letzten Jahren pr\u00e4sentiert und die M\u00f6glichkeiten f\u00fcr die Produktion von Film- und TV-Medien vorgestellt. Au\u00dferdem erhielten die Besucher*innen einen Einblick in die Ergebnisse aus zahlreichen medienp\u00e4dagogischen Projekten mit verschiedenen Zielgruppen.<\/p>\n<p><a href=\"https:\/\/medienkompetenztag.de\/wp-content\/uploads\/IMG_3273.jpg\"><img loading=\"lazy\" decoding=\"async\" class=\"alignleft wp-image-1499 size-thumbnail\" src=\"https:\/\/medienkompetenztag.de\/wp-content\/uploads\/IMG_3273-150x150.jpg\" alt=\"\" width=\"150\" height=\"150\" srcset=\"https:\/\/medienkompetenztag.de\/wp-content\/uploads\/IMG_3273-150x150.jpg 150w, https:\/\/medienkompetenztag.de\/wp-content\/uploads\/IMG_3273-250x250.jpg 250w, https:\/\/medienkompetenztag.de\/wp-content\/uploads\/IMG_3273-174x174.jpg 174w\" sizes=\"auto, (max-width: 150px) 100vw, 150px\" \/><\/a><a href=\"https:\/\/medienkompetenztag.de\/wp-content\/uploads\/IMG_3347.jpg\"><img loading=\"lazy\" decoding=\"async\" class=\"alignleft wp-image-1500 size-thumbnail\" src=\"https:\/\/medienkompetenztag.de\/wp-content\/uploads\/IMG_3347-150x150.jpg\" alt=\"\" width=\"150\" height=\"150\" srcset=\"https:\/\/medienkompetenztag.de\/wp-content\/uploads\/IMG_3347-150x150.jpg 150w, https:\/\/medienkompetenztag.de\/wp-content\/uploads\/IMG_3347-250x250.jpg 250w, https:\/\/medienkompetenztag.de\/wp-content\/uploads\/IMG_3347-174x174.jpg 174w\" sizes=\"auto, (max-width: 150px) 100vw, 150px\" \/><\/a> <a href=\"https:\/\/medienkompetenztag.de\/wp-content\/uploads\/IMG_3371_crop.jpg\"><img loading=\"lazy\" decoding=\"async\" class=\"alignleft wp-image-1501 size-thumbnail\" src=\"https:\/\/medienkompetenztag.de\/wp-content\/uploads\/IMG_3371_crop-150x150.jpg\" alt=\"\" width=\"150\" height=\"150\" srcset=\"https:\/\/medienkompetenztag.de\/wp-content\/uploads\/IMG_3371_crop-150x150.jpg 150w, https:\/\/medienkompetenztag.de\/wp-content\/uploads\/IMG_3371_crop-250x250.jpg 250w, https:\/\/medienkompetenztag.de\/wp-content\/uploads\/IMG_3371_crop-174x174.jpg 174w\" sizes=\"auto, (max-width: 150px) 100vw, 150px\" \/><\/a><\/p>\n<p>&nbsp;<\/p>\n<p>&nbsp;<\/p>\n<p>&nbsp;<\/p>\n<p>&nbsp;<\/p>\n<p>Unter anderem vier 8. Klassen des Burggymnasiums Wettin haben am Aktionstag teilgenommen. Neben dem Kennenlernen der Produktionen, konnten sie Fotos vor einem Greenscreen mit dem Hintergrund ihrer Wahl schie\u00dfen und beim Flug einer Videodrohne hautnah dabei sein. Au\u00dferdem erhielten sie einen Einblick in den Bereich Grafikanimation mit professioneller Animationssoftware.<\/p>\n","protected":false},"excerpt":{"rendered":"<p>Der Offene Kanal Wettin lud am Donnerstag, 22. November 2018 von 8.15 bis 13.15 Uhr zu einem Tag der Offenen T\u00fcr ein. Vor Ort wurden Produktionen von Nutzer*innen des Offenen Kanals aus den letzten Jahren pr\u00e4sentiert und die M\u00f6glichkeiten f\u00fcr die Produktion von Film- und TV-Medien vorgestellt. Au\u00dferdem erhielten die Besucher*innen einen Einblick in die<a href=\"https:\/\/medienkompetenztag.de\/?p=1498\">[&#8230;]<\/a><\/p>\n","protected":false},"author":2,"featured_media":1499,"comment_status":"closed","ping_status":"closed","sticky":false,"template":"","format":"standard","meta":{"footnotes":""},"categories":[9],"tags":[],"class_list":["post-1498","post","type-post","status-publish","format-standard","has-post-thumbnail","hentry","category-ergebnisse-2018"],"_links":{"self":[{"href":"https:\/\/medienkompetenztag.de\/index.php?rest_route=\/wp\/v2\/posts\/1498","targetHints":{"allow":["GET"]}}],"collection":[{"href":"https:\/\/medienkompetenztag.de\/index.php?rest_route=\/wp\/v2\/posts"}],"about":[{"href":"https:\/\/medienkompetenztag.de\/index.php?rest_route=\/wp\/v2\/types\/post"}],"author":[{"embeddable":true,"href":"https:\/\/medienkompetenztag.de\/index.php?rest_route=\/wp\/v2\/users\/2"}],"replies":[{"embeddable":true,"href":"https:\/\/medienkompetenztag.de\/index.php?rest_route=%2Fwp%2Fv2%2Fcomments&post=1498"}],"version-history":[{"count":9,"href":"https:\/\/medienkompetenztag.de\/index.php?rest_route=\/wp\/v2\/posts\/1498\/revisions"}],"predecessor-version":[{"id":1514,"href":"https:\/\/medienkompetenztag.de\/index.php?rest_route=\/wp\/v2\/posts\/1498\/revisions\/1514"}],"wp:featuredmedia":[{"embeddable":true,"href":"https:\/\/medienkompetenztag.de\/index.php?rest_route=\/wp\/v2\/media\/1499"}],"wp:attachment":[{"href":"https:\/\/medienkompetenztag.de\/index.php?rest_route=%2Fwp%2Fv2%2Fmedia&parent=1498"}],"wp:term":[{"taxonomy":"category","embeddable":true,"href":"https:\/\/medienkompetenztag.de\/index.php?rest_route=%2Fwp%2Fv2%2Fcategories&post=1498"},{"taxonomy":"post_tag","embeddable":true,"href":"https:\/\/medienkompetenztag.de\/index.php?rest_route=%2Fwp%2Fv2%2Ftags&post=1498"}],"curies":[{"name":"wp","href":"https:\/\/api.w.org\/{rel}","templated":true}]}}