{"id":1483,"date":"2018-11-26T17:36:57","date_gmt":"2018-11-26T16:36:57","guid":{"rendered":"https:\/\/medienkompetenztag.de\/?p=1483"},"modified":"2018-11-27T09:14:04","modified_gmt":"2018-11-27T08:14:04","slug":"projektvorstellung-keks-tv-denn-jeder-kruemel-ist-wichtig-2","status":"publish","type":"post","link":"https:\/\/medienkompetenztag.de\/?p=1483","title":{"rendered":"Projektvorstellung &#8222;KeKS-TV &#8211; Denn jeder Kr\u00fcmel ist wichtig&#8220;"},"content":{"rendered":"<p>Ein Anfang ist gemacht. Sch\u00fclerinnen und Sch\u00fcler des Albert-Einstein-Gymnasiums Magdeburg versuchten sich als Interviewer, Reporter, Kamerafrauen bzw. -m\u00e4nner und Moderatoren. Begeistert waren sie von der Idee, KeKS-TV an ihrer Schule als Arbeitsgemeinschaft zu etablieren.<\/p>\n<p>Unsere Initiativgruppe bilden Quentin, Fabian, Chiara, Marie und Dante aus der Klassenstufe 6.<\/p>\n<p><img loading=\"lazy\" decoding=\"async\" class=\"attachment-full \" src=\"https:\/\/medienkompetenztag.de\/wp-content\/uploads\/IMG_20181122_165714-bearbeitet.jpg\" srcset=\"https:\/\/medienkompetenztag.de\/wp-content\/uploads\/IMG_20181122_165714-bearbeitet.jpg 2076w, https:\/\/medienkompetenztag.de\/wp-content\/uploads\/IMG_20181122_165714-bearbeitet-300x264.jpg 300w, https:\/\/medienkompetenztag.de\/wp-content\/uploads\/IMG_20181122_165714-bearbeitet-768x676.jpg 768w, https:\/\/medienkompetenztag.de\/wp-content\/uploads\/IMG_20181122_165714-bearbeitet-1024x901.jpg 1024w\" alt=\"\" width=\"1251\" height=\"1269\" \/><\/p>\n","protected":false},"excerpt":{"rendered":"<p>Ein Anfang ist gemacht. Sch\u00fclerinnen und Sch\u00fcler des Albert-Einstein-Gymnasiums Magdeburg versuchten sich als Interviewer, Reporter, Kamerafrauen bzw. -m\u00e4nner und Moderatoren. Begeistert waren sie von der Idee, KeKS-TV an ihrer Schule als Arbeitsgemeinschaft zu etablieren. Unsere Initiativgruppe bilden Quentin, Fabian, Chiara, Marie und Dante aus der Klassenstufe 6.<\/p>\n","protected":false},"author":2,"featured_media":1484,"comment_status":"closed","ping_status":"closed","sticky":false,"template":"","format":"standard","meta":{"footnotes":""},"categories":[9],"tags":[],"class_list":["post-1483","post","type-post","status-publish","format-standard","has-post-thumbnail","hentry","category-ergebnisse-2018"],"_links":{"self":[{"href":"https:\/\/medienkompetenztag.de\/index.php?rest_route=\/wp\/v2\/posts\/1483","targetHints":{"allow":["GET"]}}],"collection":[{"href":"https:\/\/medienkompetenztag.de\/index.php?rest_route=\/wp\/v2\/posts"}],"about":[{"href":"https:\/\/medienkompetenztag.de\/index.php?rest_route=\/wp\/v2\/types\/post"}],"author":[{"embeddable":true,"href":"https:\/\/medienkompetenztag.de\/index.php?rest_route=\/wp\/v2\/users\/2"}],"replies":[{"embeddable":true,"href":"https:\/\/medienkompetenztag.de\/index.php?rest_route=%2Fwp%2Fv2%2Fcomments&post=1483"}],"version-history":[{"count":3,"href":"https:\/\/medienkompetenztag.de\/index.php?rest_route=\/wp\/v2\/posts\/1483\/revisions"}],"predecessor-version":[{"id":1487,"href":"https:\/\/medienkompetenztag.de\/index.php?rest_route=\/wp\/v2\/posts\/1483\/revisions\/1487"}],"wp:featuredmedia":[{"embeddable":true,"href":"https:\/\/medienkompetenztag.de\/index.php?rest_route=\/wp\/v2\/media\/1484"}],"wp:attachment":[{"href":"https:\/\/medienkompetenztag.de\/index.php?rest_route=%2Fwp%2Fv2%2Fmedia&parent=1483"}],"wp:term":[{"taxonomy":"category","embeddable":true,"href":"https:\/\/medienkompetenztag.de\/index.php?rest_route=%2Fwp%2Fv2%2Fcategories&post=1483"},{"taxonomy":"post_tag","embeddable":true,"href":"https:\/\/medienkompetenztag.de\/index.php?rest_route=%2Fwp%2Fv2%2Ftags&post=1483"}],"curies":[{"name":"wp","href":"https:\/\/api.w.org\/{rel}","templated":true}]}}