{"id":1464,"date":"2018-11-22T15:50:30","date_gmt":"2018-11-22T14:50:30","guid":{"rendered":"https:\/\/medienkompetenztag.de\/?p=1464"},"modified":"2018-11-27T09:16:18","modified_gmt":"2018-11-27T08:16:18","slug":"abgecheckt-facebook-co-unter-der-lupe","status":"publish","type":"post","link":"https:\/\/medienkompetenztag.de\/?p=1464","title":{"rendered":"Abgecheckt: Facebook &#038; Co. unter der Lupe"},"content":{"rendered":"<p><img loading=\"lazy\" decoding=\"async\" class=\"alignnone wp-image-1475\" src=\"https:\/\/medienkompetenztag.de\/wp-content\/uploads\/IMG_20181122_090654-1024x768.jpg\" alt=\"\" width=\"336\" height=\"316\" \/><\/p>\n<p>Welche Bedeutung haben die Online-Medien f\u00fcr unseren Alltag? Diese Frage kl\u00e4rten wir zun\u00e4chst in unserem Workshop &#8222;Abgecheckt: Facebook &amp; Co. unter der Lupe&#8220; mit \u00fcberwiegend jungen Erwachsenen aus den Werkst\u00e4tten des Magdeburger Lebenshilfe-Werks. Das Smartphone und das Netz sind allgegenw\u00e4rtig und werden \u00fcberwiegend zum Informieren, Kommunizieren und f\u00fcr Unterhaltung genutzt, so der gemeinsame Tenor aller Teilnehmenden.<\/p>\n<p><img loading=\"lazy\" decoding=\"async\" class=\"alignnone wp-image-1476\" src=\"https:\/\/medienkompetenztag.de\/wp-content\/uploads\/IMG_20181122_120413-768x1024.jpg\" alt=\"\" width=\"341\" height=\"484\" \/><\/p>\n<p>In einer lockeren Gespr\u00e4chsrunde waren sich alle Beteiligten einig, dass die mobilen Ger\u00e4te praktische Allesk\u00f6nner sind, bei ihrer Nutzung aber auch eine Menge Stolperfallen lauern k\u00f6nnen. Auf die m\u00f6glichen Probleme konnten wir bei dem anschlie\u00dfenden interaktiven Vortrag eingehen und folgende Fragen in der Diskussionsrunde beantworten:<\/p>\n<ul>\n<li>Wie verbreiten sich Falschnachrichten und wie k\u00f6nnen wir diese entlarven?<\/li>\n<li>Wie kann ich meine Privatsph\u00e4re in den sozialen Netzwerken und bei Nutzung von Apps sch\u00fctzen?<\/li>\n<li>Wie soll ich vorgehen, wenn ich im Internet beleidigt und angefeindet werde?<\/li>\n<li>Was ist das Urheberrecht und das &#8222;Recht am eigenen Bild&#8220;?<\/li>\n<li>Wie funktioniert YouTube und welche Gesch\u00e4ftsmodelle verfolgen erfolgreiche YouTuber und Influencer?<\/li>\n<\/ul>\n<p>In einer lockeren Atmosph\u00e4re haben die Teilnehmenden lebhaft diskutiert und nicht zuletzt viele neue Erkenntnisse \u00fcber eine sichere und souver\u00e4ne Internetnutzung gewonnen.<\/p>\n<p>&nbsp;<\/p>\n","protected":false},"excerpt":{"rendered":"<p>Welche Bedeutung haben die Online-Medien f\u00fcr unseren Alltag? Diese Frage kl\u00e4rten wir zun\u00e4chst in unserem Workshop &#8222;Abgecheckt: Facebook &amp; Co. unter der Lupe&#8220; mit \u00fcberwiegend jungen Erwachsenen aus den Werkst\u00e4tten des Magdeburger Lebenshilfe-Werks. Das Smartphone und das Netz sind allgegenw\u00e4rtig und werden \u00fcberwiegend zum Informieren, Kommunizieren und f\u00fcr Unterhaltung genutzt, so der gemeinsame Tenor aller<a href=\"https:\/\/medienkompetenztag.de\/?p=1464\">[&#8230;]<\/a><\/p>\n","protected":false},"author":2,"featured_media":1475,"comment_status":"closed","ping_status":"closed","sticky":false,"template":"","format":"standard","meta":{"footnotes":""},"categories":[9],"tags":[],"class_list":["post-1464","post","type-post","status-publish","format-standard","has-post-thumbnail","hentry","category-ergebnisse-2018"],"_links":{"self":[{"href":"https:\/\/medienkompetenztag.de\/index.php?rest_route=\/wp\/v2\/posts\/1464","targetHints":{"allow":["GET"]}}],"collection":[{"href":"https:\/\/medienkompetenztag.de\/index.php?rest_route=\/wp\/v2\/posts"}],"about":[{"href":"https:\/\/medienkompetenztag.de\/index.php?rest_route=\/wp\/v2\/types\/post"}],"author":[{"embeddable":true,"href":"https:\/\/medienkompetenztag.de\/index.php?rest_route=\/wp\/v2\/users\/2"}],"replies":[{"embeddable":true,"href":"https:\/\/medienkompetenztag.de\/index.php?rest_route=%2Fwp%2Fv2%2Fcomments&post=1464"}],"version-history":[{"count":9,"href":"https:\/\/medienkompetenztag.de\/index.php?rest_route=\/wp\/v2\/posts\/1464\/revisions"}],"predecessor-version":[{"id":1471,"href":"https:\/\/medienkompetenztag.de\/index.php?rest_route=\/wp\/v2\/posts\/1464\/revisions\/1471"}],"wp:featuredmedia":[{"embeddable":true,"href":"https:\/\/medienkompetenztag.de\/index.php?rest_route=\/wp\/v2\/media\/1475"}],"wp:attachment":[{"href":"https:\/\/medienkompetenztag.de\/index.php?rest_route=%2Fwp%2Fv2%2Fmedia&parent=1464"}],"wp:term":[{"taxonomy":"category","embeddable":true,"href":"https:\/\/medienkompetenztag.de\/index.php?rest_route=%2Fwp%2Fv2%2Fcategories&post=1464"},{"taxonomy":"post_tag","embeddable":true,"href":"https:\/\/medienkompetenztag.de\/index.php?rest_route=%2Fwp%2Fv2%2Ftags&post=1464"}],"curies":[{"name":"wp","href":"https:\/\/api.w.org\/{rel}","templated":true}]}}