{"id":1405,"date":"2018-11-14T16:48:58","date_gmt":"2018-11-14T15:48:58","guid":{"rendered":"https:\/\/medienkompetenztag.de\/?p=1405"},"modified":"2018-11-15T10:35:42","modified_gmt":"2018-11-15T09:35:42","slug":"wtv-der-offene-kanal-aus-wettin-e-v-tag-der-offenen-tuer","status":"publish","type":"post","link":"https:\/\/medienkompetenztag.de\/?p=1405","title":{"rendered":"WTV &#8211; Der Offene Kanal aus Wettin e.V. &#8211; Tag der Offenen T\u00fcr"},"content":{"rendered":"<h5>Veranstalter:<\/h5>\n<p><img loading=\"lazy\" decoding=\"async\" class=\"alignnone  wp-image-1409\" src=\"https:\/\/medienkompetenztag.de\/wp-content\/uploads\/wtv-logo_quadrat_500px.jpg\" alt=\"\" width=\"147\" height=\"147\" srcset=\"https:\/\/medienkompetenztag.de\/wp-content\/uploads\/wtv-logo_quadrat_500px.jpg 500w, https:\/\/medienkompetenztag.de\/wp-content\/uploads\/wtv-logo_quadrat_500px-150x150.jpg 150w, https:\/\/medienkompetenztag.de\/wp-content\/uploads\/wtv-logo_quadrat_500px-300x300.jpg 300w, https:\/\/medienkompetenztag.de\/wp-content\/uploads\/wtv-logo_quadrat_500px-250x250.jpg 250w, https:\/\/medienkompetenztag.de\/wp-content\/uploads\/wtv-logo_quadrat_500px-174x174.jpg 174w\" sizes=\"auto, (max-width: 147px) 100vw, 147px\" \/><\/p>\n<p><span style=\"color: #00ccff;\">WTV &#8211; Der Offene Kanal aus Wettin e.V.<\/span><\/p>\n<h5>Veranstaltungsort:<\/h5>\n<p><span style=\"color: #000000;\">Lange Reihe 49<br \/>\n06193 Wettin-L\u00f6bej\u00fcn<\/span><\/p>\n<h5>Art der Aktion:<\/h5>\n<p>\u201eTag der offenen T\u00fcr\u201c an der Einrichtung f\u00fcr alle Interessenten als Einblick in die t\u00e4gliche Arbeit<\/p>\n<p>&nbsp;<\/p>\n<h5>Zielgruppe:<\/h5>\n<p>Alle B\u00fcrger mit Interesse an der Produktion von B\u00fcrgermedien oder an der Teilnahme oder Durchf\u00fchrung von medienp\u00e4dagogischen Projekten<\/p>\n<p>&nbsp;<\/p>\n<h5>Ansprechpartner\/-in:<\/h5>\n<p>Herr Jens Rudolph<\/p>\n<p>Wir begr\u00fc\u00dfen Sie am 22. November 2018 zu unserem Aktionsangebot. Eine Anmeldung ist nicht erforderlich.<\/p>\n<p>Der Offene Kanal Wettin l\u00e4dt am Donnerstag, 22. November 2018 von 8.15 bis 13.15 Uhr zu einem Tag der Offenen T\u00fcr ein.<br \/>\nDort werden Produktionen von Nutzern des Offenen Kanal Wettins aus den letzten Jahren und die M\u00f6glichkeiten f\u00fcr die Produktion von Film- und TV-Medien vorgestellt.<br \/>\nAu\u00dferdem werden die Ergebnisse aus verschiedenen medienp\u00e4dagogischen Projekten mit verschiedenen Zielgruppen pr\u00e4sentiert.<br \/>\nDie Mitarbeiter der Offenen Kanals beantworten gerne die Fragen der Besucher und es k\u00f6nnen auch schon erste Ideen f\u00fcr TV- und Filmproduktionen entwickelt werden.<br \/>\nVier 8. Klassen des Burggymnasiums Wettin haben sich bereits f\u00fcr einen Besuch angemeldet.<\/p>\n<p>Am Donnerstag, 22. November 2018, von 8.15 bis 13.15 Uhr<\/p>\n<p>&nbsp;<\/p>\n<h5>Kontakt zum Veranstalter:<\/h5>\n<p>WTV \u2013 Der Offene Kanal aus Wettin e.V.<br \/>\nLange Reihe 49<br \/>\nOT Wettin<br \/>\n06193 Wettin-L\u00f6bej\u00fcn<\/p>\n<p>034607 21738<br \/>\n<a href=\"mailto:info@wettintv.de\">info@wettintv.de<\/a><br \/>\n<a href=\"http:\/\/www.wettintv.de\" target=\"_blank\" rel=\"noopener\">www.wettintv.de<\/a><\/p>\n<p>Hinweise und Anmerkungen des Veranstalters:<\/p>\n","protected":false},"excerpt":{"rendered":"<p>Veranstalter: WTV &#8211; Der Offene Kanal aus Wettin e.V. Veranstaltungsort: Lange Reihe 49 06193 Wettin-L\u00f6bej\u00fcn Art der Aktion: \u201eTag der offenen T\u00fcr\u201c an der Einrichtung f\u00fcr alle Interessenten als Einblick in die t\u00e4gliche Arbeit &nbsp; Zielgruppe: Alle B\u00fcrger mit Interesse an der Produktion von B\u00fcrgermedien oder an der Teilnahme oder Durchf\u00fchrung von medienp\u00e4dagogischen Projekten &nbsp;<a href=\"https:\/\/medienkompetenztag.de\/?p=1405\">[&#8230;]<\/a><\/p>\n","protected":false},"author":2,"featured_media":1408,"comment_status":"closed","ping_status":"closed","sticky":false,"template":"","format":"standard","meta":{"footnotes":""},"categories":[8],"tags":[],"class_list":["post-1405","post","type-post","status-publish","format-standard","has-post-thumbnail","hentry","category-aktionen-2018"],"_links":{"self":[{"href":"https:\/\/medienkompetenztag.de\/index.php?rest_route=\/wp\/v2\/posts\/1405","targetHints":{"allow":["GET"]}}],"collection":[{"href":"https:\/\/medienkompetenztag.de\/index.php?rest_route=\/wp\/v2\/posts"}],"about":[{"href":"https:\/\/medienkompetenztag.de\/index.php?rest_route=\/wp\/v2\/types\/post"}],"author":[{"embeddable":true,"href":"https:\/\/medienkompetenztag.de\/index.php?rest_route=\/wp\/v2\/users\/2"}],"replies":[{"embeddable":true,"href":"https:\/\/medienkompetenztag.de\/index.php?rest_route=%2Fwp%2Fv2%2Fcomments&post=1405"}],"version-history":[{"count":2,"href":"https:\/\/medienkompetenztag.de\/index.php?rest_route=\/wp\/v2\/posts\/1405\/revisions"}],"predecessor-version":[{"id":1410,"href":"https:\/\/medienkompetenztag.de\/index.php?rest_route=\/wp\/v2\/posts\/1405\/revisions\/1410"}],"wp:featuredmedia":[{"embeddable":true,"href":"https:\/\/medienkompetenztag.de\/index.php?rest_route=\/wp\/v2\/media\/1408"}],"wp:attachment":[{"href":"https:\/\/medienkompetenztag.de\/index.php?rest_route=%2Fwp%2Fv2%2Fmedia&parent=1405"}],"wp:term":[{"taxonomy":"category","embeddable":true,"href":"https:\/\/medienkompetenztag.de\/index.php?rest_route=%2Fwp%2Fv2%2Fcategories&post=1405"},{"taxonomy":"post_tag","embeddable":true,"href":"https:\/\/medienkompetenztag.de\/index.php?rest_route=%2Fwp%2Fv2%2Ftags&post=1405"}],"curies":[{"name":"wp","href":"https:\/\/api.w.org\/{rel}","templated":true}]}}