{"id":1399,"date":"2018-11-09T01:03:20","date_gmt":"2018-11-09T00:03:20","guid":{"rendered":"https:\/\/medienkompetenztag.de\/?p=1399"},"modified":"2018-11-20T09:59:42","modified_gmt":"2018-11-20T08:59:42","slug":"freie-software-fuer-lehrende-und-lernende","status":"publish","type":"post","link":"https:\/\/medienkompetenztag.de\/?p=1399","title":{"rendered":"Freie Software f\u00fcr Lehrende und Lernende"},"content":{"rendered":"<h5>Veranstalter:<\/h5>\n<p><span style=\"color: #00ccff;\">Landesstudienkolleg Sachsen-Anhalt, Abteilung Halle<\/span><\/p>\n<h5>Veranstaltungsort:<\/h5>\n<p><span style=\"color: #000000;\">Nietlebener Stra\u00dfe 6\u20138<br \/>\n06126 Halle (Saale)<\/span><\/p>\n<h5>Art der Aktion:<\/h5>\n<p>thematischer Workshop, thematischer Vortrag, thematische Schulung, Gespr\u00e4chsrunde\/Diskussionsrunde<\/p>\n<h5>Zielgruppe:<\/h5>\n<p>Lehrende und Lernende<\/p>\n<h5>Ansprechpartner\/-in:<\/h5>\n<p>Herr Matthias Baran<\/p>\n<p>Wir begr\u00fc\u00dfen Sie am 22. November 2018 zu unserem Aktionsangebot. Eine Anmeldung ist nicht erforderlich.<\/p>\n<p>Ein pers\u00f6nlicher digitaler Werkzeugkasten l\u00e4sst sich sehr gewinnbringend mit freier und quelloffener Software bereichern. Wie das konkret aussehen und individuell gelingen kann, soll zu diesem Termin vermittelt werden. Eine kurze Einf\u00fchrung gibt einen Impuls zu Thematik, Orientierung und Freiheitsgraden von Open-Source-Programmen. Bew\u00e4hrte und innovative Projekte werden vorgestellt (und k\u00f6nnen ggf. auf dem eigenen Rechner ausprobiert werden). Der Fokus liegt dabei auf Alltagstauglichkeit in ganz konkreten Anwendungsszenarien. Als Beispiel dient ein auf aktuelle Anspr\u00fcche hin ausgestattetes Dozenten-Notebook.<\/p>\n<p>Im Anschluss gibt es einen Austausch \u00fcber Erfahrungen, Fragen, Hilfestellungen und Weiterbildungsm\u00f6glichkeiten.<\/p>\n<p>Stichworte:<br \/>\n* OpenBoard<br \/>\n* LaTeX<br \/>\n* Pandoc<br \/>\n* Gimp<br \/>\n* Inkscape<br \/>\n* Scribus<br \/>\n* Blender<br \/>\n* LibreOffice<br \/>\n* Linux<\/p>\n<p>22.11.2018, 14\u201317 Uhr<\/p>\n<h6>Kontakt zum Veranstalter:<\/h6>\n<p>Landesstudienkolleg Sachsen-Anhalt, Abteilung Halle<br \/>\nNietlebener Stra\u00dfe 6\u20138<br \/>\n06126 Halle (Saale)<br \/>\n01797734667<br \/>\n<a href=\"mailto:matthias.baran@studienkolleg.uni-halle.de\">matthias.baran@studienkolleg.uni-halle.de<\/a><br \/>\n<a href=\"https:\/\/www.studienkolleg.uni-halle.de\/\" target=\"_blank\" rel=\"noopener\">https:\/\/www.studienkolleg.uni-halle.de\/<\/a><\/p>\n<p>Hinweise und Anmerkungen des Veranstalters:<\/p>\n","protected":false},"excerpt":{"rendered":"<p>Veranstalter: Landesstudienkolleg Sachsen-Anhalt, Abteilung Halle Veranstaltungsort: Nietlebener Stra\u00dfe 6\u20138 06126 Halle (Saale) Art der Aktion: thematischer Workshop, thematischer Vortrag, thematische Schulung, Gespr\u00e4chsrunde\/Diskussionsrunde Zielgruppe: Lehrende und Lernende Ansprechpartner\/-in: Herr Matthias Baran Wir begr\u00fc\u00dfen Sie am 22. November 2018 zu unserem Aktionsangebot. Eine Anmeldung ist nicht erforderlich. Ein pers\u00f6nlicher digitaler Werkzeugkasten l\u00e4sst sich sehr gewinnbringend mit freier<a href=\"https:\/\/medienkompetenztag.de\/?p=1399\">[&#8230;]<\/a><\/p>\n","protected":false},"author":2,"featured_media":1401,"comment_status":"closed","ping_status":"closed","sticky":false,"template":"","format":"standard","meta":{"footnotes":""},"categories":[8],"tags":[],"class_list":["post-1399","post","type-post","status-publish","format-standard","has-post-thumbnail","hentry","category-aktionen-2018"],"_links":{"self":[{"href":"https:\/\/medienkompetenztag.de\/index.php?rest_route=\/wp\/v2\/posts\/1399","targetHints":{"allow":["GET"]}}],"collection":[{"href":"https:\/\/medienkompetenztag.de\/index.php?rest_route=\/wp\/v2\/posts"}],"about":[{"href":"https:\/\/medienkompetenztag.de\/index.php?rest_route=\/wp\/v2\/types\/post"}],"author":[{"embeddable":true,"href":"https:\/\/medienkompetenztag.de\/index.php?rest_route=\/wp\/v2\/users\/2"}],"replies":[{"embeddable":true,"href":"https:\/\/medienkompetenztag.de\/index.php?rest_route=%2Fwp%2Fv2%2Fcomments&post=1399"}],"version-history":[{"count":2,"href":"https:\/\/medienkompetenztag.de\/index.php?rest_route=\/wp\/v2\/posts\/1399\/revisions"}],"predecessor-version":[{"id":1454,"href":"https:\/\/medienkompetenztag.de\/index.php?rest_route=\/wp\/v2\/posts\/1399\/revisions\/1454"}],"wp:featuredmedia":[{"embeddable":true,"href":"https:\/\/medienkompetenztag.de\/index.php?rest_route=\/wp\/v2\/media\/1401"}],"wp:attachment":[{"href":"https:\/\/medienkompetenztag.de\/index.php?rest_route=%2Fwp%2Fv2%2Fmedia&parent=1399"}],"wp:term":[{"taxonomy":"category","embeddable":true,"href":"https:\/\/medienkompetenztag.de\/index.php?rest_route=%2Fwp%2Fv2%2Fcategories&post=1399"},{"taxonomy":"post_tag","embeddable":true,"href":"https:\/\/medienkompetenztag.de\/index.php?rest_route=%2Fwp%2Fv2%2Ftags&post=1399"}],"curies":[{"name":"wp","href":"https:\/\/api.w.org\/{rel}","templated":true}]}}