{"id":1394,"date":"2022-10-14T09:48:48","date_gmt":"2022-10-14T07:48:48","guid":{"rendered":"https:\/\/medienkompetenztag.de\/?p=1394"},"modified":"2022-10-14T09:48:48","modified_gmt":"2022-10-14T07:48:48","slug":"kindermedientag","status":"publish","type":"post","link":"https:\/\/medienkompetenztag.de\/?p=1394","title":{"rendered":"Kindermedientag"},"content":{"rendered":"\n<p><strong>Veranstalter:<\/strong><\/p>\n\n\n\n<p><span style=\"color: #00ccff;\">AWO Kinderdruckwerkstatt<\/span><\/p>\n\n\n\n<figure class=\"wp-block-image size-full is-resized\"><img loading=\"lazy\" decoding=\"async\" src=\"https:\/\/medienkompetenztag.de\/wp-content\/uploads\/kindermedientag2022.png\" alt=\"\" class=\"wp-image-4763\" width=\"383\" height=\"276\" srcset=\"https:\/\/medienkompetenztag.de\/wp-content\/uploads\/kindermedientag2022.png 779w, https:\/\/medienkompetenztag.de\/wp-content\/uploads\/kindermedientag2022-300x216.png 300w, https:\/\/medienkompetenztag.de\/wp-content\/uploads\/kindermedientag2022-768x553.png 768w\" sizes=\"auto, (max-width: 383px) 100vw, 383px\" \/><\/figure>\n\n\n\n<p><strong>Veranstaltungsort:<\/strong><br>Saline Technikum<br>Mansfelder Stra\u00dfe 15<br>06108 Halle<\/p>\n\n\n\n<p><strong>Art der Aktion:<\/strong><\/p>\n\n\n\n<p>thematischer Workshop<br>Die Welt der Medien kindgerecht erkl\u00e4ren und erlebbar machen.<\/p>\n\n\n\n<p><strong>Zielgruppe:<\/strong><\/p>\n\n\n\n<p>Schulklassen im Grundschulalter<\/p>\n\n\n\n<p><strong>Ansprechpartner:<\/strong><\/p>\n\n\n\n<p>Herr Andreas Schr\u00f6der<\/p>\n\n\n\n<p>Die Teilnehmenden f\u00fcr die Aktion stehen bereits fest, eine Anmeldung ist leider nicht mehr m\u00f6glich.<\/p>\n\n\n\n<p>Die Kinderdruckwerkstatt \u00f6ffnet die T\u00fcren f\u00fcr Schulklassen, die in die Welt der Medien reinschnuppern wollen.<br>Zwischen 9 bis 16 Uhr steht eine Reise durch die Welt der Medien auf dem Programm: Drucken wie zu Gutenbergs Zeiten, alte Handschriften entziffern, Lego-Roboter bauen, Fernsehen selber machen oder sich mit dem Smartphone auseinandersetzen, das sind nur einige der Angebote, die die Kinder an diesem besonderen Tag wahrnehmen k\u00f6nnen. Der Kindermedientag m\u00f6chte den Sch\u00fclern zeigen, wie bunt die Medienwelt ist und den technischen sowie kreativen Umgang damit f\u00f6rdern.<\/p>\n\n\n\n<p>Unterst\u00fctzt wird der Kindermedientag von VISION SALINETECHNIKUM, Stadtbibliothek Halle, der Stadt Halle (Saale), dem Offenen Kanal Merseburg-Querfurt e.V. und der Firma DELL.<\/p>\n\n\n\n<p><a href=\"https:\/\/medienkompetenztag.de\/wp-content\/uploads\/Flyer-Medientag2022.pdf\" target=\"_blank\" rel=\"noreferrer noopener\"><strong>Flyer zum Kindermedientag<\/strong><\/a><\/p>\n\n\n\n<p><strong>16.11.2022\u00a0 09:00 Uhr bis 16:00 Uhr<\/strong><\/p>\n\n\n\n<p><strong>Kontakt zum Veranstalter:<\/strong><\/p>\n\n\n\n<p>Kinderdruckwerkstatt<br>06122 Halle<br>Hallorenstra\u00dfe 31a<br>03454723035<br><a href=\"mailto:kinderdruckwerkstatt@awo-halle-merseburg.de\">kinderdruckwerkstatt@awo-halle-merseburg.de<\/a><br><a rel=\"noopener noreferrer\" href=\"https:\/\/www.awo-halle-merseburg.de\" target=\"_blank\">www.awo-halle-merseburg.de<\/a><\/p>\n","protected":false},"excerpt":{"rendered":"<p>Veranstalter: AWO Kinderdruckwerkstatt Veranstaltungsort:Saline TechnikumMansfelder Stra\u00dfe 1506108 Halle Art der Aktion: thematischer WorkshopDie Welt der Medien kindgerecht erkl\u00e4ren und erlebbar machen. Zielgruppe: Schulklassen im Grundschulalter Ansprechpartner: Herr Andreas Schr\u00f6der Die Teilnehmenden f\u00fcr die Aktion stehen bereits fest, eine Anmeldung ist leider nicht mehr m\u00f6glich. Die Kinderdruckwerkstatt \u00f6ffnet die T\u00fcren f\u00fcr Schulklassen, die in die Welt<a href=\"https:\/\/medienkompetenztag.de\/?p=1394\">[&#8230;]<\/a><\/p>\n","protected":false},"author":2,"featured_media":4764,"comment_status":"closed","ping_status":"closed","sticky":false,"template":"","format":"standard","meta":{"footnotes":""},"categories":[8,10,16],"tags":[],"class_list":["post-1394","post","type-post","status-publish","format-standard","has-post-thumbnail","hentry","category-aktionen-2018","category-aktionen-2019","category-aktionen-2022"],"_links":{"self":[{"href":"https:\/\/medienkompetenztag.de\/index.php?rest_route=\/wp\/v2\/posts\/1394","targetHints":{"allow":["GET"]}}],"collection":[{"href":"https:\/\/medienkompetenztag.de\/index.php?rest_route=\/wp\/v2\/posts"}],"about":[{"href":"https:\/\/medienkompetenztag.de\/index.php?rest_route=\/wp\/v2\/types\/post"}],"author":[{"embeddable":true,"href":"https:\/\/medienkompetenztag.de\/index.php?rest_route=\/wp\/v2\/users\/2"}],"replies":[{"embeddable":true,"href":"https:\/\/medienkompetenztag.de\/index.php?rest_route=%2Fwp%2Fv2%2Fcomments&post=1394"}],"version-history":[{"count":5,"href":"https:\/\/medienkompetenztag.de\/index.php?rest_route=\/wp\/v2\/posts\/1394\/revisions"}],"predecessor-version":[{"id":4766,"href":"https:\/\/medienkompetenztag.de\/index.php?rest_route=\/wp\/v2\/posts\/1394\/revisions\/4766"}],"wp:featuredmedia":[{"embeddable":true,"href":"https:\/\/medienkompetenztag.de\/index.php?rest_route=\/wp\/v2\/media\/4764"}],"wp:attachment":[{"href":"https:\/\/medienkompetenztag.de\/index.php?rest_route=%2Fwp%2Fv2%2Fmedia&parent=1394"}],"wp:term":[{"taxonomy":"category","embeddable":true,"href":"https:\/\/medienkompetenztag.de\/index.php?rest_route=%2Fwp%2Fv2%2Fcategories&post=1394"},{"taxonomy":"post_tag","embeddable":true,"href":"https:\/\/medienkompetenztag.de\/index.php?rest_route=%2Fwp%2Fv2%2Ftags&post=1394"}],"curies":[{"name":"wp","href":"https:\/\/api.w.org\/{rel}","templated":true}]}}