{"id":1384,"date":"2018-10-23T15:01:25","date_gmt":"2018-10-23T13:01:25","guid":{"rendered":"https:\/\/medienkompetenztag.de\/?p=1384"},"modified":"2018-11-19T15:02:58","modified_gmt":"2018-11-19T14:02:58","slug":"projektvorstellung-keks-tv-denn-jeder-kruemel-ist-wichtig","status":"publish","type":"post","link":"https:\/\/medienkompetenztag.de\/?p=1384","title":{"rendered":"Projektvorstellung &#8222;KeKS-TV &#8211; Denn jeder Kr\u00fcmel ist wichtig&#8220;"},"content":{"rendered":"<h5>Veranstalter:<\/h5>\n<p><img loading=\"lazy\" decoding=\"async\" class=\"alignnone wp-image-1391\" src=\"https:\/\/medienkompetenztag.de\/wp-content\/uploads\/logo_4c-1024x227.jpg\" alt=\"\" width=\"514\" height=\"120\" \/><\/p>\n<p><span style=\"color: #00ccff;\">Deutscher Kinderschutzbund (DKSB) Landesverband Sachsen-Anhalt e.V.<\/span><\/p>\n<h5>Veranstaltungsort:<\/h5>\n<p><span style=\"color: #000000;\">Olvenstedter Graseweg 36 (Albert-Einstein-Gymnasium Magdeburg)<br \/>\n39128 Magdeburg<\/span><\/p>\n<h5>Art der Aktion:<\/h5>\n<p>thematischer Workshop, Sonstiges<br \/>\nProjektvorstellung und Workshops<\/p>\n<p>&nbsp;<\/p>\n<h5>Zielgruppe:<\/h5>\n<p>Sch\u00fclerinnen und Sch\u00fcler von der 6. bis zur 8. Klasse<\/p>\n<p>&nbsp;<\/p>\n<h5>Ansprechpartner\/-in:<\/h5>\n<p>Frau Andrea Wegner<\/p>\n<p>&nbsp;<\/p>\n<p>Wir begr\u00fc\u00dfen Sie am 22. November 2018 zu unserem Aktionsangebot. Eine Anmeldung ist nicht erforderlich.<\/p>\n<p>Projektvorstellung &#8222;KeKS-TV&#8220; mit dem Ziel, interessierte Sch\u00fclerinnen und Sch\u00fcler als Mitstreiterinnen und Mitstreiter f\u00fcr das Projekt zu finden.<br \/>\nEs wird au\u00dferdem kleinere Workshops zum Thema geben.<\/p>\n<p>Donnerstag, 22. November 2018 von 14 bis 17 Uhr<\/p>\n<p>&nbsp;<\/p>\n<h5>Kontakt zum Veranstalter:<\/h5>\n<p>Wiener Stra\u00dfe 2<br \/>\n39112<br \/>\nMagdeburg<br \/>\n0391 7347393<br \/>\n<a href=\"mailto:kontakt@dksb-lsa.de\">kontakt@dksb-lsa.de<\/a><br \/>\n<a href=\"http:\/\/www.dksb-lsa.de\" target=\"_blank\" rel=\"noopener\">www.dksb-lsa.de<\/a><\/p>\n<p>Hinweise und Anmerkungen des Veranstalters:<\/p>\n","protected":false},"excerpt":{"rendered":"<p>Veranstalter: Deutscher Kinderschutzbund (DKSB) Landesverband Sachsen-Anhalt e.V. Veranstaltungsort: Olvenstedter Graseweg 36 (Albert-Einstein-Gymnasium Magdeburg) 39128 Magdeburg Art der Aktion: thematischer Workshop, Sonstiges Projektvorstellung und Workshops &nbsp; Zielgruppe: Sch\u00fclerinnen und Sch\u00fcler von der 6. bis zur 8. Klasse &nbsp; Ansprechpartner\/-in: Frau Andrea Wegner &nbsp; Wir begr\u00fc\u00dfen Sie am 22. November 2018 zu unserem Aktionsangebot. Eine Anmeldung ist<a href=\"https:\/\/medienkompetenztag.de\/?p=1384\">[&#8230;]<\/a><\/p>\n","protected":false},"author":2,"featured_media":1391,"comment_status":"closed","ping_status":"closed","sticky":false,"template":"","format":"standard","meta":{"footnotes":""},"categories":[8],"tags":[],"class_list":["post-1384","post","type-post","status-publish","format-standard","has-post-thumbnail","hentry","category-aktionen-2018"],"_links":{"self":[{"href":"https:\/\/medienkompetenztag.de\/index.php?rest_route=\/wp\/v2\/posts\/1384","targetHints":{"allow":["GET"]}}],"collection":[{"href":"https:\/\/medienkompetenztag.de\/index.php?rest_route=\/wp\/v2\/posts"}],"about":[{"href":"https:\/\/medienkompetenztag.de\/index.php?rest_route=\/wp\/v2\/types\/post"}],"author":[{"embeddable":true,"href":"https:\/\/medienkompetenztag.de\/index.php?rest_route=\/wp\/v2\/users\/2"}],"replies":[{"embeddable":true,"href":"https:\/\/medienkompetenztag.de\/index.php?rest_route=%2Fwp%2Fv2%2Fcomments&post=1384"}],"version-history":[{"count":3,"href":"https:\/\/medienkompetenztag.de\/index.php?rest_route=\/wp\/v2\/posts\/1384\/revisions"}],"predecessor-version":[{"id":1390,"href":"https:\/\/medienkompetenztag.de\/index.php?rest_route=\/wp\/v2\/posts\/1384\/revisions\/1390"}],"wp:featuredmedia":[{"embeddable":true,"href":"https:\/\/medienkompetenztag.de\/index.php?rest_route=\/wp\/v2\/media\/1391"}],"wp:attachment":[{"href":"https:\/\/medienkompetenztag.de\/index.php?rest_route=%2Fwp%2Fv2%2Fmedia&parent=1384"}],"wp:term":[{"taxonomy":"category","embeddable":true,"href":"https:\/\/medienkompetenztag.de\/index.php?rest_route=%2Fwp%2Fv2%2Fcategories&post=1384"},{"taxonomy":"post_tag","embeddable":true,"href":"https:\/\/medienkompetenztag.de\/index.php?rest_route=%2Fwp%2Fv2%2Ftags&post=1384"}],"curies":[{"name":"wp","href":"https:\/\/api.w.org\/{rel}","templated":true}]}}