{"id":1368,"date":"2018-10-16T11:41:53","date_gmt":"2018-10-16T09:41:53","guid":{"rendered":"https:\/\/medienkompetenztag.de\/?p=1368"},"modified":"2018-10-17T09:03:33","modified_gmt":"2018-10-17T07:03:33","slug":"foto-geschossen-schon-straffaellig-geworden-ueber-die-datenschutzgrundsatzverodrnung-das-urheberrecht-und-recht-am-eigenen-bild","status":"publish","type":"post","link":"https:\/\/medienkompetenztag.de\/?p=1368","title":{"rendered":"Foto geschossen, schon straff\u00e4llig geworden?!"},"content":{"rendered":"<p><strong>\u00a0\u00dcber die Datenschutzgrundverordnung, das Urheberrecht und Recht am eigenen Bild<\/strong><\/p>\n<h5>Veranstalter:<\/h5>\n<p><span style=\"color: #00ccff;\">Fotografien + Texte, Wolfgang Kubak Journalist und Mediendozent<\/span><\/p>\n<h5>Veranstaltungsort:<\/h5>\n<p><span style=\"color: #000000;\">Wahlkreisb\u00fcro Birke Bull-Bischoff in der Marienstra\u00dfe 11<br \/>\n06618 Naumburg (Saale)<\/span><\/p>\n<h5>Art der Aktion:<\/h5>\n<p>thematischer Vortrag, Gespr\u00e4chsrunde\/Diskussionsrunde<\/p>\n<h5>Zielgruppe:<\/h5>\n<p>alle interessierte B\u00fcrger, vom Freizeitfotografen \u00fcber den Vereinsredakteur bis hin zum professionellen Repoter<\/p>\n<p>&nbsp;<\/p>\n<h5>Ansprechpartner\/-in:<\/h5>\n<p>Herr Dr. Wolfgang Kubak, Merseburg<\/p>\n<p>Sie m\u00fcssen sich f\u00fcr diese Aktion anmelden. Bitte nehmen Sie mit mir\/mit uns Kontakt auf!<\/p>\n<p>Viele Fotos werden heute geschossen und \u00fcber soziale Netzwerke, wie facebook instergram und Co., geteilt oder weiltweit ver\u00f6ffentlicht. Auch schon einmal in Vereinszeitschriften genutzt, zu gro\u00dfen Fotowettbewerben eingesendet oder sograr im in einer Tageszeitschrift ver\u00f6ffentlicht. Nicht immer ist man dabei auf der sicheren Seite. Die Gesetzgebung zum Datenschutz, dem Urheberrecht oder der unbedarften Ver\u00f6ffentlichung von Personen auf Bildern ist nicht ganz einfach zu verstehen.<br \/>\nWir wollen diskutieren was erlaubt oder verboten ist, um so eventuelle Probleme bei einer Ver\u00f6ffentlichung zu umgehen.<\/p>\n<p>22. November 2018 16:30 bis 19:30 Uhr<\/p>\n<p>&nbsp;<\/p>\n<h5>Kontakt zum Veranstalter:<\/h5>\n<p>Wahlkreisb\u00fcro Birke Bull-Bischoff<br \/>\nMarienstra\u00dfe 11, 06618 Naumburg (Saale)<br \/>\n03445 261233<br \/>\n<a href=\"mailto:Birke.bull-Bischoff.wk@Bundestag.de\">Birke.bull-Bischoff.wk@Bundestag.de<\/a><br \/>\n<a href=\"http:\/\/www.kubak-foto.de\" target=\"_blank\" rel=\"noopener\">www.kubak-foto.de<\/a><\/p>\n<p>Hinweise und Anmerkungen des Veranstalters:<\/p>\n","protected":false},"excerpt":{"rendered":"<p>\u00a0\u00dcber die Datenschutzgrundverordnung, das Urheberrecht und Recht am eigenen Bild Veranstalter: Fotografien + Texte, Wolfgang Kubak Journalist und Mediendozent Veranstaltungsort: Wahlkreisb\u00fcro Birke Bull-Bischoff in der Marienstra\u00dfe 11 06618 Naumburg (Saale) Art der Aktion: thematischer Vortrag, Gespr\u00e4chsrunde\/Diskussionsrunde Zielgruppe: alle interessierte B\u00fcrger, vom Freizeitfotografen \u00fcber den Vereinsredakteur bis hin zum professionellen Repoter &nbsp; Ansprechpartner\/-in: Herr Dr. Wolfgang<a href=\"https:\/\/medienkompetenztag.de\/?p=1368\">[&#8230;]<\/a><\/p>\n","protected":false},"author":2,"featured_media":1371,"comment_status":"closed","ping_status":"closed","sticky":false,"template":"","format":"standard","meta":{"footnotes":""},"categories":[8],"tags":[],"class_list":["post-1368","post","type-post","status-publish","format-standard","has-post-thumbnail","hentry","category-aktionen-2018"],"_links":{"self":[{"href":"https:\/\/medienkompetenztag.de\/index.php?rest_route=\/wp\/v2\/posts\/1368","targetHints":{"allow":["GET"]}}],"collection":[{"href":"https:\/\/medienkompetenztag.de\/index.php?rest_route=\/wp\/v2\/posts"}],"about":[{"href":"https:\/\/medienkompetenztag.de\/index.php?rest_route=\/wp\/v2\/types\/post"}],"author":[{"embeddable":true,"href":"https:\/\/medienkompetenztag.de\/index.php?rest_route=\/wp\/v2\/users\/2"}],"replies":[{"embeddable":true,"href":"https:\/\/medienkompetenztag.de\/index.php?rest_route=%2Fwp%2Fv2%2Fcomments&post=1368"}],"version-history":[{"count":5,"href":"https:\/\/medienkompetenztag.de\/index.php?rest_route=\/wp\/v2\/posts\/1368\/revisions"}],"predecessor-version":[{"id":1375,"href":"https:\/\/medienkompetenztag.de\/index.php?rest_route=\/wp\/v2\/posts\/1368\/revisions\/1375"}],"wp:featuredmedia":[{"embeddable":true,"href":"https:\/\/medienkompetenztag.de\/index.php?rest_route=\/wp\/v2\/media\/1371"}],"wp:attachment":[{"href":"https:\/\/medienkompetenztag.de\/index.php?rest_route=%2Fwp%2Fv2%2Fmedia&parent=1368"}],"wp:term":[{"taxonomy":"category","embeddable":true,"href":"https:\/\/medienkompetenztag.de\/index.php?rest_route=%2Fwp%2Fv2%2Fcategories&post=1368"},{"taxonomy":"post_tag","embeddable":true,"href":"https:\/\/medienkompetenztag.de\/index.php?rest_route=%2Fwp%2Fv2%2Ftags&post=1368"}],"curies":[{"name":"wp","href":"https:\/\/api.w.org\/{rel}","templated":true}]}}