{"id":1179,"date":"2017-12-08T09:19:23","date_gmt":"2017-12-08T08:19:23","guid":{"rendered":"https:\/\/medienkompetenztag.de\/?p=1179"},"modified":"2017-12-12T10:30:30","modified_gmt":"2017-12-12T09:30:30","slug":"privatsphaere-im-internet-verschluesseln-kann-jeder-2","status":"publish","type":"post","link":"https:\/\/medienkompetenztag.de\/?p=1179","title":{"rendered":"Privatsph\u00e4re im Internet &#8211; Verschl\u00fcsseln kann jeder!"},"content":{"rendered":"<p>Bei uns im Eigenbaukombinat fand ein Workshop zum Thema Verschl\u00fcsselung statt. Nach einem theoretischen Input zum Sinn und Zweck von Versch\u00fcsselung, richteten die Teilnehmer*innen sich selbst eine E-Mail-Verschl\u00fcsselung ein.<\/p>\n<p><img loading=\"lazy\" decoding=\"async\" class=\"attachment-full \" src=\"https:\/\/medienkompetenztag.de\/wp-content\/uploads\/CIMG6854.jpg\" srcset=\"https:\/\/medienkompetenztag.de\/wp-content\/uploads\/CIMG6854.jpg 3648w, https:\/\/medienkompetenztag.de\/wp-content\/uploads\/CIMG6854-300x225.jpg 300w, https:\/\/medienkompetenztag.de\/wp-content\/uploads\/CIMG6854-768x576.jpg 768w, https:\/\/medienkompetenztag.de\/wp-content\/uploads\/CIMG6854-1024x768.jpg 1024w, https:\/\/medienkompetenztag.de\/wp-content\/uploads\/CIMG6854-285x214.jpg 285w\" alt=\"\" width=\"481\" height=\"361\" \/><\/p>\n<p><a href=\"javascript:history.back()\">zur\u00fcck<\/a><\/p>\n","protected":false},"excerpt":{"rendered":"<p>Bei uns im Eigenbaukombinat fand ein Workshop zum Thema Verschl\u00fcsselung statt. Nach einem theoretischen Input zum Sinn und Zweck von Versch\u00fcsselung, richteten die Teilnehmer*innen sich selbst eine E-Mail-Verschl\u00fcsselung ein. zur\u00fcck<\/p>\n","protected":false},"author":1,"featured_media":1180,"comment_status":"closed","ping_status":"closed","sticky":false,"template":"","format":"standard","meta":{"footnotes":""},"categories":[3],"tags":[],"class_list":["post-1179","post","type-post","status-publish","format-standard","has-post-thumbnail","hentry","category-ergebnisse"],"_links":{"self":[{"href":"https:\/\/medienkompetenztag.de\/index.php?rest_route=\/wp\/v2\/posts\/1179","targetHints":{"allow":["GET"]}}],"collection":[{"href":"https:\/\/medienkompetenztag.de\/index.php?rest_route=\/wp\/v2\/posts"}],"about":[{"href":"https:\/\/medienkompetenztag.de\/index.php?rest_route=\/wp\/v2\/types\/post"}],"author":[{"embeddable":true,"href":"https:\/\/medienkompetenztag.de\/index.php?rest_route=\/wp\/v2\/users\/1"}],"replies":[{"embeddable":true,"href":"https:\/\/medienkompetenztag.de\/index.php?rest_route=%2Fwp%2Fv2%2Fcomments&post=1179"}],"version-history":[{"count":4,"href":"https:\/\/medienkompetenztag.de\/index.php?rest_route=\/wp\/v2\/posts\/1179\/revisions"}],"predecessor-version":[{"id":1185,"href":"https:\/\/medienkompetenztag.de\/index.php?rest_route=\/wp\/v2\/posts\/1179\/revisions\/1185"}],"wp:featuredmedia":[{"embeddable":true,"href":"https:\/\/medienkompetenztag.de\/index.php?rest_route=\/wp\/v2\/media\/1180"}],"wp:attachment":[{"href":"https:\/\/medienkompetenztag.de\/index.php?rest_route=%2Fwp%2Fv2%2Fmedia&parent=1179"}],"wp:term":[{"taxonomy":"category","embeddable":true,"href":"https:\/\/medienkompetenztag.de\/index.php?rest_route=%2Fwp%2Fv2%2Fcategories&post=1179"},{"taxonomy":"post_tag","embeddable":true,"href":"https:\/\/medienkompetenztag.de\/index.php?rest_route=%2Fwp%2Fv2%2Ftags&post=1179"}],"curies":[{"name":"wp","href":"https:\/\/api.w.org\/{rel}","templated":true}]}}