{"id":1172,"date":"2017-12-05T11:35:24","date_gmt":"2017-12-05T10:35:24","guid":{"rendered":"https:\/\/medienkompetenztag.de\/?p=1172"},"modified":"2017-12-05T12:03:28","modified_gmt":"2017-12-05T11:03:28","slug":"einfuehrung-ins-web-2-0-2","status":"publish","type":"post","link":"https:\/\/medienkompetenztag.de\/?p=1172","title":{"rendered":"Einf\u00fchrung ins Web 2.0 f\u00fcr Senioren\/-innen"},"content":{"rendered":"<p>Handys, Smartphones und die Nutzung des Internets sind ein fester Bestandteil des Alltagslebens geworden. Dabei dienen die modernen Medien neben der Kommunikation auch dazu sich Informationen zu beschaffen. Doch leider gibt es gerade bei \u00e4lteren Menschen immer noch Ber\u00fchrungs\u00e4ngste mit der modernen Technik.<\/p>\n<p><img loading=\"lazy\" decoding=\"async\" class=\"alignnone  wp-image-1176\" src=\"https:\/\/medienkompetenztag.de\/wp-content\/uploads\/WP_20171123_10_24_13_Pro-e1512471062528-771x1024.jpg\" alt=\"\" width=\"244\" height=\"324\" srcset=\"https:\/\/medienkompetenztag.de\/wp-content\/uploads\/WP_20171123_10_24_13_Pro-e1512471062528-771x1024.jpg 771w, https:\/\/medienkompetenztag.de\/wp-content\/uploads\/WP_20171123_10_24_13_Pro-e1512471062528-226x300.jpg 226w, https:\/\/medienkompetenztag.de\/wp-content\/uploads\/WP_20171123_10_24_13_Pro-e1512471062528-768x1020.jpg 768w\" sizes=\"auto, (max-width: 244px) 100vw, 244px\" \/><\/p>\n<p>In dem 4st\u00fcndigen Workshop haben wir nicht nur einen Vortrag zu den Themen M\u00f6glichkeiten und Stolpersteine im Netz gehalten, sondern konnten auch auf die individuelen Fragen der Teilnehmenden eingehen. Und hier hat sich gezeigt, dass das Wissensspektrum der Senioren und Seniorinnen zu den Themen Computer, Internet, Datenschutz und Internetanwendungen sehr breit gef\u00e4chert ist. Von Diskussionen \u00fcber Datenweiterverwendung durch Facebook bis hin zur einfachen Gestaltung einer sicheren E-Mailadresse, alles wurde besprochen und ausprobiert. Am Interessantesten f\u00fcr die Teilnehmenden schienen unsere Internettips f\u00fcr verschiedene Angebote im Netz.<\/p>\n<p><img loading=\"lazy\" decoding=\"async\" class=\"alignnone  wp-image-1174\" src=\"https:\/\/medienkompetenztag.de\/wp-content\/uploads\/WP_20171123_10_06_08_Pro2-1024x771.jpg\" alt=\"\" width=\"339\" height=\"255\" srcset=\"https:\/\/medienkompetenztag.de\/wp-content\/uploads\/WP_20171123_10_06_08_Pro2-1024x771.jpg 1024w, https:\/\/medienkompetenztag.de\/wp-content\/uploads\/WP_20171123_10_06_08_Pro2-300x226.jpg 300w, https:\/\/medienkompetenztag.de\/wp-content\/uploads\/WP_20171123_10_06_08_Pro2-768x578.jpg 768w, https:\/\/medienkompetenztag.de\/wp-content\/uploads\/WP_20171123_10_06_08_Pro2-285x214.jpg 285w, https:\/\/medienkompetenztag.de\/wp-content\/uploads\/WP_20171123_10_06_08_Pro2.jpg 1775w\" sizes=\"auto, (max-width: 339px) 100vw, 339px\" \/><\/p>\n<p><img loading=\"lazy\" decoding=\"async\" class=\"alignnone  wp-image-1175\" src=\"https:\/\/medienkompetenztag.de\/wp-content\/uploads\/WP_20171123_10_23_13_Pro-1024x771.jpg\" alt=\"\" width=\"380\" height=\"286\" srcset=\"https:\/\/medienkompetenztag.de\/wp-content\/uploads\/WP_20171123_10_23_13_Pro-1024x771.jpg 1024w, https:\/\/medienkompetenztag.de\/wp-content\/uploads\/WP_20171123_10_23_13_Pro-300x226.jpg 300w, https:\/\/medienkompetenztag.de\/wp-content\/uploads\/WP_20171123_10_23_13_Pro-768x578.jpg 768w, https:\/\/medienkompetenztag.de\/wp-content\/uploads\/WP_20171123_10_23_13_Pro-285x214.jpg 285w\" sizes=\"auto, (max-width: 380px) 100vw, 380px\" \/><\/p>\n<p>&nbsp;<\/p>\n<p><a href=\"javascript:history.back()\">zur\u00fcck<\/a><\/p>\n","protected":false},"excerpt":{"rendered":"<p>Handys, Smartphones und die Nutzung des Internets sind ein fester Bestandteil des Alltagslebens geworden. Dabei dienen die modernen Medien neben der Kommunikation auch dazu sich Informationen zu beschaffen. Doch leider gibt es gerade bei \u00e4lteren Menschen immer noch Ber\u00fchrungs\u00e4ngste mit der modernen Technik. In dem 4st\u00fcndigen Workshop haben wir nicht nur einen Vortrag zu den<a href=\"https:\/\/medienkompetenztag.de\/?p=1172\">[&#8230;]<\/a><\/p>\n","protected":false},"author":1,"featured_media":1175,"comment_status":"closed","ping_status":"closed","sticky":false,"template":"","format":"standard","meta":{"footnotes":""},"categories":[3],"tags":[],"class_list":["post-1172","post","type-post","status-publish","format-standard","has-post-thumbnail","hentry","category-ergebnisse"],"_links":{"self":[{"href":"https:\/\/medienkompetenztag.de\/index.php?rest_route=\/wp\/v2\/posts\/1172","targetHints":{"allow":["GET"]}}],"collection":[{"href":"https:\/\/medienkompetenztag.de\/index.php?rest_route=\/wp\/v2\/posts"}],"about":[{"href":"https:\/\/medienkompetenztag.de\/index.php?rest_route=\/wp\/v2\/types\/post"}],"author":[{"embeddable":true,"href":"https:\/\/medienkompetenztag.de\/index.php?rest_route=\/wp\/v2\/users\/1"}],"replies":[{"embeddable":true,"href":"https:\/\/medienkompetenztag.de\/index.php?rest_route=%2Fwp%2Fv2%2Fcomments&post=1172"}],"version-history":[{"count":3,"href":"https:\/\/medienkompetenztag.de\/index.php?rest_route=\/wp\/v2\/posts\/1172\/revisions"}],"predecessor-version":[{"id":1178,"href":"https:\/\/medienkompetenztag.de\/index.php?rest_route=\/wp\/v2\/posts\/1172\/revisions\/1178"}],"wp:featuredmedia":[{"embeddable":true,"href":"https:\/\/medienkompetenztag.de\/index.php?rest_route=\/wp\/v2\/media\/1175"}],"wp:attachment":[{"href":"https:\/\/medienkompetenztag.de\/index.php?rest_route=%2Fwp%2Fv2%2Fmedia&parent=1172"}],"wp:term":[{"taxonomy":"category","embeddable":true,"href":"https:\/\/medienkompetenztag.de\/index.php?rest_route=%2Fwp%2Fv2%2Fcategories&post=1172"},{"taxonomy":"post_tag","embeddable":true,"href":"https:\/\/medienkompetenztag.de\/index.php?rest_route=%2Fwp%2Fv2%2Ftags&post=1172"}],"curies":[{"name":"wp","href":"https:\/\/api.w.org\/{rel}","templated":true}]}}