{"id":1163,"date":"2017-12-04T15:41:35","date_gmt":"2017-12-04T14:41:35","guid":{"rendered":"https:\/\/medienkompetenztag.de\/?p=1163"},"modified":"2017-12-04T16:27:59","modified_gmt":"2017-12-04T15:27:59","slug":"extrablatt-medienkompetenz-eine-sonderausgabe-der-schuelerzeitung-2","status":"publish","type":"post","link":"https:\/\/medienkompetenztag.de\/?p=1163","title":{"rendered":"\u201eExtrablatt Medienkompetenz\u201c Eine Sonderausgabe der Sch\u00fclerzeitung"},"content":{"rendered":"<p><img loading=\"lazy\" decoding=\"async\" class=\"attachment-full \" src=\"https:\/\/medienkompetenztag.de\/wp-content\/uploads\/IMG_20171122_121201.jpg\" srcset=\"https:\/\/medienkompetenztag.de\/wp-content\/uploads\/IMG_20171122_121201.jpg 3264w, https:\/\/medienkompetenztag.de\/wp-content\/uploads\/IMG_20171122_121201-300x225.jpg 300w, https:\/\/medienkompetenztag.de\/wp-content\/uploads\/IMG_20171122_121201-768x576.jpg 768w, https:\/\/medienkompetenztag.de\/wp-content\/uploads\/IMG_20171122_121201-1024x768.jpg 1024w, https:\/\/medienkompetenztag.de\/wp-content\/uploads\/IMG_20171122_121201-285x214.jpg 285w\" alt=\"\" width=\"403\" height=\"302\" \/><\/p>\n<p>Die Sch\u00fcler entwickelten ein Extrablatt zum Thema Soziale Netzwerke.<\/p>\n<p>Sie geben darin Tipps, wie ihre Mitsch\u00fcler in WhatsApp und anderen Netzwerken ihre Daten sch\u00fctzen k\u00f6nnen.<\/p>\n<p>&nbsp;<\/p>\n<p><a href=\"javascript:history.back()\">zur\u00fcck<\/a><\/p>\n","protected":false},"excerpt":{"rendered":"<p>Die Sch\u00fcler entwickelten ein Extrablatt zum Thema Soziale Netzwerke. Sie geben darin Tipps, wie ihre Mitsch\u00fcler in WhatsApp und anderen Netzwerken ihre Daten sch\u00fctzen k\u00f6nnen. &nbsp; zur\u00fcck<\/p>\n","protected":false},"author":1,"featured_media":1164,"comment_status":"closed","ping_status":"closed","sticky":false,"template":"","format":"standard","meta":{"footnotes":""},"categories":[3],"tags":[],"class_list":["post-1163","post","type-post","status-publish","format-standard","has-post-thumbnail","hentry","category-ergebnisse"],"_links":{"self":[{"href":"https:\/\/medienkompetenztag.de\/index.php?rest_route=\/wp\/v2\/posts\/1163","targetHints":{"allow":["GET"]}}],"collection":[{"href":"https:\/\/medienkompetenztag.de\/index.php?rest_route=\/wp\/v2\/posts"}],"about":[{"href":"https:\/\/medienkompetenztag.de\/index.php?rest_route=\/wp\/v2\/types\/post"}],"author":[{"embeddable":true,"href":"https:\/\/medienkompetenztag.de\/index.php?rest_route=\/wp\/v2\/users\/1"}],"replies":[{"embeddable":true,"href":"https:\/\/medienkompetenztag.de\/index.php?rest_route=%2Fwp%2Fv2%2Fcomments&post=1163"}],"version-history":[{"count":7,"href":"https:\/\/medienkompetenztag.de\/index.php?rest_route=\/wp\/v2\/posts\/1163\/revisions"}],"predecessor-version":[{"id":1166,"href":"https:\/\/medienkompetenztag.de\/index.php?rest_route=\/wp\/v2\/posts\/1163\/revisions\/1166"}],"wp:featuredmedia":[{"embeddable":true,"href":"https:\/\/medienkompetenztag.de\/index.php?rest_route=\/wp\/v2\/media\/1164"}],"wp:attachment":[{"href":"https:\/\/medienkompetenztag.de\/index.php?rest_route=%2Fwp%2Fv2%2Fmedia&parent=1163"}],"wp:term":[{"taxonomy":"category","embeddable":true,"href":"https:\/\/medienkompetenztag.de\/index.php?rest_route=%2Fwp%2Fv2%2Fcategories&post=1163"},{"taxonomy":"post_tag","embeddable":true,"href":"https:\/\/medienkompetenztag.de\/index.php?rest_route=%2Fwp%2Fv2%2Ftags&post=1163"}],"curies":[{"name":"wp","href":"https:\/\/api.w.org\/{rel}","templated":true}]}}