{"id":1158,"date":"2017-12-04T13:18:41","date_gmt":"2017-12-04T12:18:41","guid":{"rendered":"https:\/\/medienkompetenztag.de\/?p=1158"},"modified":"2017-12-04T14:21:02","modified_gmt":"2017-12-04T13:21:02","slug":"kreative-audioformate-das-radiofeature","status":"publish","type":"post","link":"https:\/\/medienkompetenztag.de\/?p=1158","title":{"rendered":"Kreative Audioformate &#8211; Das Radiofeature"},"content":{"rendered":"<p><img loading=\"lazy\" decoding=\"async\" class=\"alignnone  wp-image-1005\" src=\"https:\/\/medienkompetenztag.de\/wp-content\/uploads\/17_hbw_Logo.jpg\" alt=\"\" width=\"119\" height=\"89\" srcset=\"https:\/\/medienkompetenztag.de\/wp-content\/uploads\/17_hbw_Logo.jpg 372w, https:\/\/medienkompetenztag.de\/wp-content\/uploads\/17_hbw_Logo-300x225.jpg 300w, https:\/\/medienkompetenztag.de\/wp-content\/uploads\/17_hbw_Logo-285x214.jpg 285w\" sizes=\"auto, (max-width: 119px) 100vw, 119px\" \/><\/p>\n<p>Im Rahmen des Ph\u00e4nomediel-Kurses&#8220;Kreative Audioformate&#8220; der Medienanstalt Sachsen-Anhalt ist ein etwa 18-min\u00fctiges Feature zum Thema B\u00fcrgerradio entstanden. Der Kurs fand im nicht-kommerziellen Lokalradio Harz-B\u00f6rde-Welle (hbw) in Aschersleben statt.<\/p>\n<audio class=\"wp-audio-shortcode\" id=\"audio-1158-1\" preload=\"none\" style=\"width: 100%;\" controls=\"controls\"><source type=\"audio\/mpeg\" src=\"https:\/\/medienkompetenztag.de\/wp-content\/uploads\/Feature_Master.mp3?_=1\" \/><a href=\"https:\/\/medienkompetenztag.de\/wp-content\/uploads\/Feature_Master.mp3\">https:\/\/medienkompetenztag.de\/wp-content\/uploads\/Feature_Master.mp3<\/a><\/audio>\n<p><a href=\"javascript:history.back()\">zur\u00fcck<\/a><\/p>\n","protected":false},"excerpt":{"rendered":"<p>Im Rahmen des Ph\u00e4nomediel-Kurses&#8220;Kreative Audioformate&#8220; der Medienanstalt Sachsen-Anhalt ist ein etwa 18-min\u00fctiges Feature zum Thema B\u00fcrgerradio entstanden. Der Kurs fand im nicht-kommerziellen Lokalradio Harz-B\u00f6rde-Welle (hbw) in Aschersleben statt. zur\u00fcck<\/p>\n","protected":false},"author":1,"featured_media":1006,"comment_status":"closed","ping_status":"closed","sticky":false,"template":"","format":"standard","meta":{"footnotes":""},"categories":[3],"tags":[],"class_list":["post-1158","post","type-post","status-publish","format-standard","has-post-thumbnail","hentry","category-ergebnisse"],"_links":{"self":[{"href":"https:\/\/medienkompetenztag.de\/index.php?rest_route=\/wp\/v2\/posts\/1158","targetHints":{"allow":["GET"]}}],"collection":[{"href":"https:\/\/medienkompetenztag.de\/index.php?rest_route=\/wp\/v2\/posts"}],"about":[{"href":"https:\/\/medienkompetenztag.de\/index.php?rest_route=\/wp\/v2\/types\/post"}],"author":[{"embeddable":true,"href":"https:\/\/medienkompetenztag.de\/index.php?rest_route=\/wp\/v2\/users\/1"}],"replies":[{"embeddable":true,"href":"https:\/\/medienkompetenztag.de\/index.php?rest_route=%2Fwp%2Fv2%2Fcomments&post=1158"}],"version-history":[{"count":3,"href":"https:\/\/medienkompetenztag.de\/index.php?rest_route=\/wp\/v2\/posts\/1158\/revisions"}],"predecessor-version":[{"id":1161,"href":"https:\/\/medienkompetenztag.de\/index.php?rest_route=\/wp\/v2\/posts\/1158\/revisions\/1161"}],"wp:featuredmedia":[{"embeddable":true,"href":"https:\/\/medienkompetenztag.de\/index.php?rest_route=\/wp\/v2\/media\/1006"}],"wp:attachment":[{"href":"https:\/\/medienkompetenztag.de\/index.php?rest_route=%2Fwp%2Fv2%2Fmedia&parent=1158"}],"wp:term":[{"taxonomy":"category","embeddable":true,"href":"https:\/\/medienkompetenztag.de\/index.php?rest_route=%2Fwp%2Fv2%2Fcategories&post=1158"},{"taxonomy":"post_tag","embeddable":true,"href":"https:\/\/medienkompetenztag.de\/index.php?rest_route=%2Fwp%2Fv2%2Ftags&post=1158"}],"curies":[{"name":"wp","href":"https:\/\/api.w.org\/{rel}","templated":true}]}}