{"id":1126,"date":"2017-11-16T11:41:28","date_gmt":"2017-11-16T10:41:28","guid":{"rendered":"https:\/\/medienkompetenztag.de\/?p=1126"},"modified":"2018-09-20T16:24:38","modified_gmt":"2018-09-20T14:24:38","slug":"einfuehrung-ins-web-2-0","status":"publish","type":"post","link":"https:\/\/medienkompetenztag.de\/?p=1126","title":{"rendered":"Einf\u00fchrung ins Web 2.0 (TDMK2017)"},"content":{"rendered":"<p><img loading=\"lazy\" decoding=\"async\" class=\"alignnone wp-image-1129\" src=\"https:\/\/medienkompetenztag.de\/wp-content\/uploads\/17_msa_logo.jpg\" alt=\"\" width=\"264\" height=\"64\" srcset=\"https:\/\/medienkompetenztag.de\/wp-content\/uploads\/17_msa_logo.jpg 500w, https:\/\/medienkompetenztag.de\/wp-content\/uploads\/17_msa_logo-300x73.jpg 300w\" sizes=\"auto, (max-width: 264px) 100vw, 264px\" \/><\/p>\n<p>Veranstalter:<\/p>\n<p><span style=\"color: #00ccff;\">Medienanstalt Sachsen-Anhalt &amp; Netzwerkstelle Medienkompetenz Sachsen-Anhalt in Kooperation mit der Landesseniorenvertretung Sachsen-Anhalt e.V.<\/span><\/p>\n<p>Veranstaltungsort:<\/p>\n<p><span style=\"color: #000000;\">Turmschanzenstra\u00dfe 25<br \/>\n39114 Magdeburg<\/span><\/p>\n<p>Art der Aktion:<br \/>\nthematischer Workshop<\/p>\n<p>Zielgruppe:<br \/>\nSenioren und Seniorinnen<\/p>\n<p>Ansprechpartner\/-in:<br \/>\nHerr Christian Klisan<\/p>\n<p style=\"color: #00ccff;\">Die Teilnehmenden f\u00fcr die Aktion stehen bereits fest, eine Anmeldung ist leider nicht mehr m\u00f6glich.<\/p>\n<p>Handys, Smartphones und die Nutzung des Internets sind ein fester Bestandteil des Alltagslebens geworden. Dabei dienen die modernen Medien neben der Kommunikation auch dazu sich Informationen zu beschaffen. Doch leider gibt es gerade bei \u00e4lteren Menschen immer noch Ber\u00fchrungs\u00e4ngste mit der modernen Technik.<\/p>\n<p>Mit dem thematischen Workshop m\u00f6chten wir den Einstieg in die Welt des Internets erleichtern. Themen wie das Einrichten eines E-Mailaccounts, der Umgang mit kritischen Mailinhalten aber auch die Nutzung sozialer Netzwerke wie Facebook und WhatsApp stehen auf dem Programm. Nat\u00fcrlich wollen wir auch weitere Medientrends aufgreifen und den Teilnehmenden die M\u00f6glichkeiten der modernen Medien aufzeigen.<br \/>\nDie Medienp\u00e4dagoginnen und Medienp\u00e4dagogen der Medienanstalt Sachsen-Anhalt werden wir in einem 4-st\u00fcndigem Workshop die moderne Medienwelt erkunden und mit praktischen \u00dcbungen an die Technik herangehen.<\/p>\n<p>23.11.2017 10.00 &#8211; 14.00 Uhr<\/p>\n<p>Kontakt zum Veranstalter:<br \/>\nMedienanstalt Sachsen-Anhalt<br \/>\nReichardtstra\u00dfe 8<br \/>\n06114 Halle<br \/>\n0345\/52130<br \/>\n<a href=\"mailto:klisan@medienanstalt-sachsen-anhalte.de\">klisan@medienanstalt-sachsen-anhalte.de<\/a><br \/>\n<a href=\"http:\/\/www.medienanstalt-sachsen-anhalt.de\" target=\"_blank\" rel=\"noopener\">www.medienanstalt-sachsen-anhalt.de<\/a><\/p>\n<p><a>zur\u00fcck<\/a><\/p>\n","protected":false},"excerpt":{"rendered":"<p>Veranstalter: Medienanstalt Sachsen-Anhalt &amp; Netzwerkstelle Medienkompetenz Sachsen-Anhalt in Kooperation mit der Landesseniorenvertretung Sachsen-Anhalt e.V. Veranstaltungsort: Turmschanzenstra\u00dfe 25 39114 Magdeburg Art der Aktion: thematischer Workshop Zielgruppe: Senioren und Seniorinnen Ansprechpartner\/-in: Herr Christian Klisan Die Teilnehmenden f\u00fcr die Aktion stehen bereits fest, eine Anmeldung ist leider nicht mehr m\u00f6glich. Handys, Smartphones und die Nutzung des Internets sind<a href=\"https:\/\/medienkompetenztag.de\/?p=1126\">[&#8230;]<\/a><\/p>\n","protected":false},"author":1,"featured_media":1130,"comment_status":"closed","ping_status":"closed","sticky":false,"template":"","format":"standard","meta":{"footnotes":""},"categories":[4],"tags":[],"class_list":["post-1126","post","type-post","status-publish","format-standard","has-post-thumbnail","hentry","category-aktionen"],"_links":{"self":[{"href":"https:\/\/medienkompetenztag.de\/index.php?rest_route=\/wp\/v2\/posts\/1126","targetHints":{"allow":["GET"]}}],"collection":[{"href":"https:\/\/medienkompetenztag.de\/index.php?rest_route=\/wp\/v2\/posts"}],"about":[{"href":"https:\/\/medienkompetenztag.de\/index.php?rest_route=\/wp\/v2\/types\/post"}],"author":[{"embeddable":true,"href":"https:\/\/medienkompetenztag.de\/index.php?rest_route=\/wp\/v2\/users\/1"}],"replies":[{"embeddable":true,"href":"https:\/\/medienkompetenztag.de\/index.php?rest_route=%2Fwp%2Fv2%2Fcomments&post=1126"}],"version-history":[{"count":5,"href":"https:\/\/medienkompetenztag.de\/index.php?rest_route=\/wp\/v2\/posts\/1126\/revisions"}],"predecessor-version":[{"id":1337,"href":"https:\/\/medienkompetenztag.de\/index.php?rest_route=\/wp\/v2\/posts\/1126\/revisions\/1337"}],"wp:featuredmedia":[{"embeddable":true,"href":"https:\/\/medienkompetenztag.de\/index.php?rest_route=\/wp\/v2\/media\/1130"}],"wp:attachment":[{"href":"https:\/\/medienkompetenztag.de\/index.php?rest_route=%2Fwp%2Fv2%2Fmedia&parent=1126"}],"wp:term":[{"taxonomy":"category","embeddable":true,"href":"https:\/\/medienkompetenztag.de\/index.php?rest_route=%2Fwp%2Fv2%2Fcategories&post=1126"},{"taxonomy":"post_tag","embeddable":true,"href":"https:\/\/medienkompetenztag.de\/index.php?rest_route=%2Fwp%2Fv2%2Ftags&post=1126"}],"curies":[{"name":"wp","href":"https:\/\/api.w.org\/{rel}","templated":true}]}}