{"id":1113,"date":"2017-11-15T14:25:48","date_gmt":"2017-11-15T13:25:48","guid":{"rendered":"https:\/\/medienkompetenztag.de\/?p=1113"},"modified":"2018-09-20T16:24:29","modified_gmt":"2018-09-20T14:24:29","slug":"extrablatt-medienkompetenz-eine-sonderausgabe-der-schuelerzeitung","status":"publish","type":"post","link":"https:\/\/medienkompetenztag.de\/?p=1113","title":{"rendered":"&#8222;Extrablatt Medienkompetenz&#8220; Eine Sonderausgabe der Sch\u00fclerzeitung (TDMK2017)"},"content":{"rendered":"<p><img loading=\"lazy\" decoding=\"async\" class=\"alignnone wp-image-1120\" src=\"https:\/\/medienkompetenztag.de\/wp-content\/uploads\/17_NF_Sch\u00fclerzeitung.jpg\" alt=\"\" width=\"199\" height=\"199\" srcset=\"https:\/\/medienkompetenztag.de\/wp-content\/uploads\/17_NF_Sch\u00fclerzeitung.jpg 500w, https:\/\/medienkompetenztag.de\/wp-content\/uploads\/17_NF_Sch\u00fclerzeitung-150x150.jpg 150w, https:\/\/medienkompetenztag.de\/wp-content\/uploads\/17_NF_Sch\u00fclerzeitung-300x300.jpg 300w, https:\/\/medienkompetenztag.de\/wp-content\/uploads\/17_NF_Sch\u00fclerzeitung-250x250.jpg 250w, https:\/\/medienkompetenztag.de\/wp-content\/uploads\/17_NF_Sch\u00fclerzeitung-174x174.jpg 174w\" sizes=\"auto, (max-width: 199px) 100vw, 199px\" \/><\/p>\n<p>Veranstalter:<\/p>\n<p><span style=\"color: #00ccff;\">Gemeinschaftsschule A. H. Francke <\/span><\/p>\n<p>Veranstaltungsort:<\/p>\n<p><span style=\"color: #000000;\">Franckeplatz 1, Haus 49<br \/>\n06110 Halle (Saale)<\/span><\/p>\n<p>Art der Aktion:<br \/>\nSonstiges<br \/>\nDie Sch\u00fclerzeitung entwickelt eine Extraausgabe<\/p>\n<p>Zielgruppe:<br \/>\nSch\u00fcler der Gemeinschaftsschule A. H. Francke<\/p>\n<p>Ansprechpartner\/-in:<br \/>\nFrau Nadine Feketitsch<\/p>\n<p style=\"color: #00ccff;\">Die Teilnehmenden f\u00fcr die Aktion stehen bereits fest, eine Anmeldung ist leider nicht mehr m\u00f6glich.<\/p>\n<p>Zum Tag der Medienkompetenz besch\u00e4ftigt sich das Team der Sch\u00fclerzeitung mit Sozialen Netzwerken und entwirft ein Extrablatt zu diesem Thema.<\/p>\n<p>23.11.17<\/p>\n<p>Kontakt zum Veranstalter:<br \/>\nGemeinschaftsschule A.H. Francke<br \/>\nFranckeplatz 1, Haus 49<br \/>\n06110 Halle (Saale)<br \/>\n0151 15765917<br \/>\n<a href=\"mailto:nadine.feketitsch@vs-sk.de\">nadine.feketitsch@vs-sk.de<\/a><\/p>\n<p><a>zur\u00fcck<\/a><\/p>\n","protected":false},"excerpt":{"rendered":"<p>Veranstalter: Gemeinschaftsschule A. H. Francke Veranstaltungsort: Franckeplatz 1, Haus 49 06110 Halle (Saale) Art der Aktion: Sonstiges Die Sch\u00fclerzeitung entwickelt eine Extraausgabe Zielgruppe: Sch\u00fcler der Gemeinschaftsschule A. H. Francke Ansprechpartner\/-in: Frau Nadine Feketitsch Die Teilnehmenden f\u00fcr die Aktion stehen bereits fest, eine Anmeldung ist leider nicht mehr m\u00f6glich. Zum Tag der Medienkompetenz besch\u00e4ftigt sich das<a href=\"https:\/\/medienkompetenztag.de\/?p=1113\">[&#8230;]<\/a><\/p>\n","protected":false},"author":1,"featured_media":1120,"comment_status":"closed","ping_status":"closed","sticky":false,"template":"","format":"standard","meta":{"footnotes":""},"categories":[4],"tags":[],"class_list":["post-1113","post","type-post","status-publish","format-standard","has-post-thumbnail","hentry","category-aktionen"],"_links":{"self":[{"href":"https:\/\/medienkompetenztag.de\/index.php?rest_route=\/wp\/v2\/posts\/1113","targetHints":{"allow":["GET"]}}],"collection":[{"href":"https:\/\/medienkompetenztag.de\/index.php?rest_route=\/wp\/v2\/posts"}],"about":[{"href":"https:\/\/medienkompetenztag.de\/index.php?rest_route=\/wp\/v2\/types\/post"}],"author":[{"embeddable":true,"href":"https:\/\/medienkompetenztag.de\/index.php?rest_route=\/wp\/v2\/users\/1"}],"replies":[{"embeddable":true,"href":"https:\/\/medienkompetenztag.de\/index.php?rest_route=%2Fwp%2Fv2%2Fcomments&post=1113"}],"version-history":[{"count":4,"href":"https:\/\/medienkompetenztag.de\/index.php?rest_route=\/wp\/v2\/posts\/1113\/revisions"}],"predecessor-version":[{"id":1336,"href":"https:\/\/medienkompetenztag.de\/index.php?rest_route=\/wp\/v2\/posts\/1113\/revisions\/1336"}],"wp:featuredmedia":[{"embeddable":true,"href":"https:\/\/medienkompetenztag.de\/index.php?rest_route=\/wp\/v2\/media\/1120"}],"wp:attachment":[{"href":"https:\/\/medienkompetenztag.de\/index.php?rest_route=%2Fwp%2Fv2%2Fmedia&parent=1113"}],"wp:term":[{"taxonomy":"category","embeddable":true,"href":"https:\/\/medienkompetenztag.de\/index.php?rest_route=%2Fwp%2Fv2%2Fcategories&post=1113"},{"taxonomy":"post_tag","embeddable":true,"href":"https:\/\/medienkompetenztag.de\/index.php?rest_route=%2Fwp%2Fv2%2Ftags&post=1113"}],"curies":[{"name":"wp","href":"https:\/\/api.w.org\/{rel}","templated":true}]}}