{"id":1105,"date":"2017-11-14T22:15:20","date_gmt":"2017-11-14T21:15:20","guid":{"rendered":"https:\/\/medienkompetenztag.de\/?p=1105"},"modified":"2018-09-20T16:23:50","modified_gmt":"2018-09-20T14:23:50","slug":"praesentation-mini-computer-calliope-diy-3d-drucker-in-kooperation-mit-der-hs-merseburg","status":"publish","type":"post","link":"https:\/\/medienkompetenztag.de\/?p=1105","title":{"rendered":"Pr\u00e4sentation Mini-Computer \u201eCalliope\u201c &#038; DIY-3D-Drucker in Kooperation mit der HS Merseburg (TDMK2017)"},"content":{"rendered":"<p><img loading=\"lazy\" decoding=\"async\" class=\"alignnone wp-image-1118\" src=\"https:\/\/medienkompetenztag.de\/wp-content\/uploads\/17_OKM-Logo-1024x339.png\" alt=\"\" width=\"254\" height=\"84\" srcset=\"https:\/\/medienkompetenztag.de\/wp-content\/uploads\/17_OKM-Logo-1024x339.png 1024w, https:\/\/medienkompetenztag.de\/wp-content\/uploads\/17_OKM-Logo-300x99.png 300w, https:\/\/medienkompetenztag.de\/wp-content\/uploads\/17_OKM-Logo-768x254.png 768w, https:\/\/medienkompetenztag.de\/wp-content\/uploads\/17_OKM-Logo.png 1600w\" sizes=\"auto, (max-width: 254px) 100vw, 254px\" \/><\/p>\n<p>Veranstalter:<\/p>\n<p><span style=\"color: #00ccff;\">Offener Kanal Merseburg-Querfurt e.V.<\/span><\/p>\n<p>Veranstaltungsort:<\/p>\n<p><span style=\"color: #000000;\">Geusaer Str. 86 b<br \/>\n06217 Merseburg<\/span><\/p>\n<p>Art der Aktion:<br \/>\nthematischer Vortrag, Ausstellung, \u201eTag der offenen T\u00fcr\u201c an der Einrichtung f\u00fcr alle Interessenten als Einblick in die t\u00e4gliche Arbeit<\/p>\n<p>Zielgruppe:<br \/>\nP\u00e4dagogen, Studierende &amp; alle Interessierten<\/p>\n<p>Ansprechpartner\/-in:<br \/>\nFrau Elsner<\/p>\n<p style=\"color: #00ccff;\">Wir begr\u00fc\u00dfen Sie am 23. November 2017 zu unserem Aktionsangebot. Eine Anmeldung ist nicht erforderlich.<\/p>\n<p>Ab 15 Uhr pr\u00e4sentieren wir im Offenen Kanal MQ e.V. zwei derzeit laufende medienp\u00e4dagogische Projekte der Hochschule Merseburg:<br \/>\nZum einen wird ein einfacher DIY-3D-Drucker pr\u00e4sentiert, mit dem man jedoch selbst kleine am Computer gestaltete Objekte drucken kann.Damit k\u00f6nnen die Grundprinzipien des 3D-Drucks erlernt werden. Mithilfe dieser erworbenen Kompetenz k\u00f6nnen dann die komplexeren und vielf\u00e4ltigen 3D-Drucker der Hochschule des Rapid-Prototyping-Labors bedient werden und f\u00fcr die eigenen kreativen Ideen genutzt werden.<br \/>\nZum anderen werden die neuen Mini-Computer \u201eCalliope\u201c pr\u00e4sentiert, mit denen man ab ca. 10 Jahren die Grundz\u00fcge des Programmierens haptisch verstehen lernen kann. Die Minicomputer k\u00f6nnen via Laufschrift, T\u00f6nen oder verschiedenfarbiger LED-Leuchte kommunizieren, besitzen einige Sensoren, um ihre Umwelt zu erfassen, und lassen sich spielend leicht mithilfe eines graphischen Oberfl\u00e4che programmieren.<\/p>\n<p>Die Kooperation erfolgt mit der Professur Medien- und Kulturwissenschaften der Hochschule Merseburg zu der alle Interessierten herzlich in den OK in die Geusaer Str. 86b zum Anschauen und Testen eingeladen sind.<\/p>\n<p>23.11.2017 von 15 bis 18 Uhr<\/p>\n<p>Kontakt zum Veranstalter:<br \/>\nOffener Kanal Merseburg-Querfurt e.V.<br \/>\nGeusaer Str. 86 b<br \/>\n06217 Merseburg<br \/>\n03461\/525222<br \/>\n<a href=\"mailto:info@okmq.de\">info@okmq.de<\/a><br \/>\n<a href=\"http:\/\/www.okmq.de\" target=\"_blank\" rel=\"noopener\">www.okmq.de<\/a><\/p>\n<p><a>zur\u00fcck<\/a><\/p>\n","protected":false},"excerpt":{"rendered":"<p>Veranstalter: Offener Kanal Merseburg-Querfurt e.V. Veranstaltungsort: Geusaer Str. 86 b 06217 Merseburg Art der Aktion: thematischer Vortrag, Ausstellung, \u201eTag der offenen T\u00fcr\u201c an der Einrichtung f\u00fcr alle Interessenten als Einblick in die t\u00e4gliche Arbeit Zielgruppe: P\u00e4dagogen, Studierende &amp; alle Interessierten Ansprechpartner\/-in: Frau Elsner Wir begr\u00fc\u00dfen Sie am 23. November 2017 zu unserem Aktionsangebot. Eine Anmeldung<a href=\"https:\/\/medienkompetenztag.de\/?p=1105\">[&#8230;]<\/a><\/p>\n","protected":false},"author":1,"featured_media":1119,"comment_status":"closed","ping_status":"closed","sticky":false,"template":"","format":"standard","meta":{"footnotes":""},"categories":[4],"tags":[],"class_list":["post-1105","post","type-post","status-publish","format-standard","has-post-thumbnail","hentry","category-aktionen"],"_links":{"self":[{"href":"https:\/\/medienkompetenztag.de\/index.php?rest_route=\/wp\/v2\/posts\/1105","targetHints":{"allow":["GET"]}}],"collection":[{"href":"https:\/\/medienkompetenztag.de\/index.php?rest_route=\/wp\/v2\/posts"}],"about":[{"href":"https:\/\/medienkompetenztag.de\/index.php?rest_route=\/wp\/v2\/types\/post"}],"author":[{"embeddable":true,"href":"https:\/\/medienkompetenztag.de\/index.php?rest_route=\/wp\/v2\/users\/1"}],"replies":[{"embeddable":true,"href":"https:\/\/medienkompetenztag.de\/index.php?rest_route=%2Fwp%2Fv2%2Fcomments&post=1105"}],"version-history":[{"count":3,"href":"https:\/\/medienkompetenztag.de\/index.php?rest_route=\/wp\/v2\/posts\/1105\/revisions"}],"predecessor-version":[{"id":1335,"href":"https:\/\/medienkompetenztag.de\/index.php?rest_route=\/wp\/v2\/posts\/1105\/revisions\/1335"}],"wp:featuredmedia":[{"embeddable":true,"href":"https:\/\/medienkompetenztag.de\/index.php?rest_route=\/wp\/v2\/media\/1119"}],"wp:attachment":[{"href":"https:\/\/medienkompetenztag.de\/index.php?rest_route=%2Fwp%2Fv2%2Fmedia&parent=1105"}],"wp:term":[{"taxonomy":"category","embeddable":true,"href":"https:\/\/medienkompetenztag.de\/index.php?rest_route=%2Fwp%2Fv2%2Fcategories&post=1105"},{"taxonomy":"post_tag","embeddable":true,"href":"https:\/\/medienkompetenztag.de\/index.php?rest_route=%2Fwp%2Fv2%2Ftags&post=1105"}],"curies":[{"name":"wp","href":"https:\/\/api.w.org\/{rel}","templated":true}]}}