{"id":1083,"date":"2017-11-10T15:57:02","date_gmt":"2017-11-10T14:57:02","guid":{"rendered":"https:\/\/medienkompetenztag.de\/?p=1083"},"modified":"2018-09-20T16:23:15","modified_gmt":"2018-09-20T14:23:15","slug":"wie-bilder-geschichten-erzaehlen","status":"publish","type":"post","link":"https:\/\/medienkompetenztag.de\/?p=1083","title":{"rendered":"Wie Bilder Geschichten erz\u00e4hlen (TDMK2017)"},"content":{"rendered":"<p><img loading=\"lazy\" decoding=\"async\" class=\"alignnone wp-image-1085\" src=\"https:\/\/medienkompetenztag.de\/wp-content\/uploads\/17_Mowologo.jpg\" alt=\"\" width=\"158\" height=\"158\" srcset=\"https:\/\/medienkompetenztag.de\/wp-content\/uploads\/17_Mowologo.jpg 500w, https:\/\/medienkompetenztag.de\/wp-content\/uploads\/17_Mowologo-150x150.jpg 150w, https:\/\/medienkompetenztag.de\/wp-content\/uploads\/17_Mowologo-300x300.jpg 300w, https:\/\/medienkompetenztag.de\/wp-content\/uploads\/17_Mowologo-250x250.jpg 250w, https:\/\/medienkompetenztag.de\/wp-content\/uploads\/17_Mowologo-174x174.jpg 174w\" sizes=\"auto, (max-width: 158px) 100vw, 158px\" \/><\/p>\n<p>Veranstalter:<\/p>\n<p><span style=\"color: #00ccff;\">MotionWorks GmbH<\/span><\/p>\n<p>Veranstaltungsort:<\/p>\n<p><span style=\"color: #000000;\">Gro\u00dfe Ulrichstra\u00dfe 22-23<br \/>\n06108 Halle (Saale)<\/span><\/p>\n<p>Art der Aktion:<br \/>\nthematischer Workshop<\/p>\n<p>Zielgruppe:<br \/>\nKinder von 6-12 Jahren<\/p>\n<p>Ansprechpartner\/-in:<br \/>\nFrau Anne-Marie Holl<\/p>\n<p style=\"color: #00ccff;\">Sie m\u00fcssen sich f\u00fcr diese Aktion anmelden. Bitte nehmen Sie mit mir\/mit uns Kontakt auf!<\/p>\n<p>Manchmal sagt ein Bild mehr als tausend Worte.<br \/>\nDeshalb nutzen Medien auch immer \u00f6fter neben Text Bilder und Video. Der Alltag wird immer bunter und visueller. Doch wie kann man selbst mit Bildern Geschichten erz\u00e4hlen? Comics machen uns das schon lange vor.<br \/>\nDie Teilnehmer lernen, was ein Bild alles erz\u00e4hlen kann, wie man daraus neue Geschichten machen kann, was f\u00fcr Stilmittel Comics einsetzen oder auch wie man ganze Filme mit Emoticons nacherz\u00e4hlen kann.<br \/>\nWir entf\u00fchren euch in die Welt des visuellen Geschichtenerz\u00e4hlens.<\/p>\n<p>23. November 2017 um 15 Uhr bis 17 Uhr<\/p>\n<p>Kontakt zum Veranstalter:<br \/>\nMotionWorks GmbH<br \/>\nGro\u00dfe Ulrichstra\u00dfe 22-23<br \/>\n06108 Halle (Saale)<br \/>\n0345 205 69 &#8211; 36<br \/>\n<a href=\"mailto:anne.holl@motionworks.eu\">anne.holl@motionworks.eu<\/a><br \/>\n<a href=\"http:\/\/motionworks.eu\" target=\"_blank\" rel=\"noopener\">motionworks.eu<\/a><\/p>\n<p><a>zur\u00fcck<\/a><\/p>\n","protected":false},"excerpt":{"rendered":"<p>Veranstalter: MotionWorks GmbH Veranstaltungsort: Gro\u00dfe Ulrichstra\u00dfe 22-23 06108 Halle (Saale) Art der Aktion: thematischer Workshop Zielgruppe: Kinder von 6-12 Jahren Ansprechpartner\/-in: Frau Anne-Marie Holl Sie m\u00fcssen sich f\u00fcr diese Aktion anmelden. Bitte nehmen Sie mit mir\/mit uns Kontakt auf! Manchmal sagt ein Bild mehr als tausend Worte. Deshalb nutzen Medien auch immer \u00f6fter neben Text<a href=\"https:\/\/medienkompetenztag.de\/?p=1083\">[&#8230;]<\/a><\/p>\n","protected":false},"author":1,"featured_media":1088,"comment_status":"closed","ping_status":"closed","sticky":false,"template":"","format":"standard","meta":{"footnotes":""},"categories":[4],"tags":[],"class_list":["post-1083","post","type-post","status-publish","format-standard","has-post-thumbnail","hentry","category-aktionen"],"_links":{"self":[{"href":"https:\/\/medienkompetenztag.de\/index.php?rest_route=\/wp\/v2\/posts\/1083","targetHints":{"allow":["GET"]}}],"collection":[{"href":"https:\/\/medienkompetenztag.de\/index.php?rest_route=\/wp\/v2\/posts"}],"about":[{"href":"https:\/\/medienkompetenztag.de\/index.php?rest_route=\/wp\/v2\/types\/post"}],"author":[{"embeddable":true,"href":"https:\/\/medienkompetenztag.de\/index.php?rest_route=\/wp\/v2\/users\/1"}],"replies":[{"embeddable":true,"href":"https:\/\/medienkompetenztag.de\/index.php?rest_route=%2Fwp%2Fv2%2Fcomments&post=1083"}],"version-history":[{"count":3,"href":"https:\/\/medienkompetenztag.de\/index.php?rest_route=\/wp\/v2\/posts\/1083\/revisions"}],"predecessor-version":[{"id":1332,"href":"https:\/\/medienkompetenztag.de\/index.php?rest_route=\/wp\/v2\/posts\/1083\/revisions\/1332"}],"wp:featuredmedia":[{"embeddable":true,"href":"https:\/\/medienkompetenztag.de\/index.php?rest_route=\/wp\/v2\/media\/1088"}],"wp:attachment":[{"href":"https:\/\/medienkompetenztag.de\/index.php?rest_route=%2Fwp%2Fv2%2Fmedia&parent=1083"}],"wp:term":[{"taxonomy":"category","embeddable":true,"href":"https:\/\/medienkompetenztag.de\/index.php?rest_route=%2Fwp%2Fv2%2Fcategories&post=1083"},{"taxonomy":"post_tag","embeddable":true,"href":"https:\/\/medienkompetenztag.de\/index.php?rest_route=%2Fwp%2Fv2%2Ftags&post=1083"}],"curies":[{"name":"wp","href":"https:\/\/api.w.org\/{rel}","templated":true}]}}