{"id":1082,"date":"2017-11-10T11:33:41","date_gmt":"2017-11-10T10:33:41","guid":{"rendered":"https:\/\/medienkompetenztag.de\/?p=1082"},"modified":"2018-09-20T16:22:49","modified_gmt":"2018-09-20T14:22:49","slug":"inspirationswerkstatt","status":"publish","type":"post","link":"https:\/\/medienkompetenztag.de\/?p=1082","title":{"rendered":"Inspirationswerkstatt (TDMK2017)"},"content":{"rendered":"<p><img loading=\"lazy\" decoding=\"async\" class=\"alignnone wp-image-1089\" src=\"https:\/\/medienkompetenztag.de\/wp-content\/uploads\/17_DKJS_sponsor_RGB-1024x430.png\" alt=\"\" width=\"247\" height=\"104\" \/><\/p>\n<p>Veranstalter:<\/p>\n<p><span style=\"color: #00ccff;\">OPENiON &#8211; Bildung f\u00fcr eine starke Demokratie<\/span><\/p>\n<p>Veranstaltungsort:<\/p>\n<p><span style=\"color: #000000;\">Markt 1<br \/>\n39576 Stendal<\/span><\/p>\n<p>Art der Aktion:<br \/>\nthematischer Workshop<\/p>\n<p>Zielgruppe:<br \/>\nJugendliche, Sozialp\u00e4dagogInnen, LehrerInnen, DemokratiebilnderInnen, Medienp\u00e4dagogInnen<\/p>\n<p>Ansprechpartner\/-in:<br \/>\nFrau Katja Reszel<\/p>\n<p style=\"color: #00ccff;\">Sie m\u00fcssen sich f\u00fcr diese Aktion anmelden. Bitte nehmen Sie mit mir\/mit uns Kontakt auf!<\/p>\n<p>Im Rahmen des neuen Programms \u201eOPENiON&#8220; l\u00e4dt die Deutsche Kinder- und Jugendstiftung zur Vernetzung zwischen Schulen und au\u00dferschulischen Partnern ein und bietet eine Vielzahl an Workshops zu den Themen Kooperation und Jugendbeteiligung an. Die Inspirationswerkst\u00e4tten bieten die M\u00f6glichkeit zum Kennenlernen und zur Vorbereitung auf die kommenden Projektverb\u00fcnde zwischen den Partnerinnen und Partnern.<br \/>\nZiel von \u201eOPENiON \u2013 Bildung f\u00fcr eine starke Demokratie\u201c ist es, Demokratie als gesellschaftlichen Aushandlungs- und Gestaltungsprozess erfahrbar zu machen, denn eine starke Demokratie muss im Alltag erlernt und gelebt werden. Im Projekt werden pro Bundesland 10-15 Projektverb\u00fcnde mit jeweils einem schulischen und einem au\u00dferschulischen Partner entstehen, bei denen Jugendliche und ihre Lebenswelt im Fokus stehen. \u00dcber mehr als ein Schuljahr hinweg werden neue Wege der Demokratiebildung gemeinsam ausprobiert. Netzwerktreffen und Qualifizierungsm\u00f6glichkeiten werden begleitend angeboten.<\/p>\n<p>23.11.17 um 9:30-16 Uhr im Rathaus<\/p>\n<p>Kontakt zum Veranstalter:<br \/>\nBautzner Str. 22<br \/>\n01099 Dresden<br \/>\n0351\/32015627<br \/>\n<a href=\"mailto:janina.kiessling@dkjs.de\">janina.kiessling@dkjs.de<\/a><br \/>\n<a href=\"http:\/\/dkjs.de\" target=\"_blank\" rel=\"noopener\">dkjs.de<\/a><\/p>\n<p>Hinweise und Anmerkungen des Veranstalters:<br \/>\nDie Deutsche Kinder- und Jugendstiftung (DKJS) setzt sich f\u00fcr Bildungserfolg und Teilhabe von Kindern und Jugendlichen ein. Jedes Kind soll seine Potenziale und Talente entdecken und entfalten k\u00f6nnen. Als unabh\u00e4ngige und parteipolitisch neutrale Initiative st\u00f6\u00dft die Stiftung in ihren Programmen Ver\u00e4nderungen an. Gemeinsam mit vielen Unterst\u00fctzern und Mitstreitern.<br \/>\nInformationen zu unseren Aktivit\u00e4ten und Angeboten sowie allgemein zur Deutschen Kinder- und Jugendstiftung finden sich auf unserer Website: www. dkjs.de<\/p>\n<p><a>zur\u00fcck<\/a><\/p>\n","protected":false},"excerpt":{"rendered":"<p>Veranstalter: OPENiON &#8211; Bildung f\u00fcr eine starke Demokratie Veranstaltungsort: Markt 1 39576 Stendal Art der Aktion: thematischer Workshop Zielgruppe: Jugendliche, Sozialp\u00e4dagogInnen, LehrerInnen, DemokratiebilnderInnen, Medienp\u00e4dagogInnen Ansprechpartner\/-in: Frau Katja Reszel Sie m\u00fcssen sich f\u00fcr diese Aktion anmelden. Bitte nehmen Sie mit mir\/mit uns Kontakt auf! Im Rahmen des neuen Programms \u201eOPENiON&#8220; l\u00e4dt die Deutsche Kinder- und Jugendstiftung<a href=\"https:\/\/medienkompetenztag.de\/?p=1082\">[&#8230;]<\/a><\/p>\n","protected":false},"author":1,"featured_media":1102,"comment_status":"closed","ping_status":"closed","sticky":false,"template":"","format":"standard","meta":{"footnotes":""},"categories":[4],"tags":[],"class_list":["post-1082","post","type-post","status-publish","format-standard","has-post-thumbnail","hentry","category-aktionen"],"_links":{"self":[{"href":"https:\/\/medienkompetenztag.de\/index.php?rest_route=\/wp\/v2\/posts\/1082","targetHints":{"allow":["GET"]}}],"collection":[{"href":"https:\/\/medienkompetenztag.de\/index.php?rest_route=\/wp\/v2\/posts"}],"about":[{"href":"https:\/\/medienkompetenztag.de\/index.php?rest_route=\/wp\/v2\/types\/post"}],"author":[{"embeddable":true,"href":"https:\/\/medienkompetenztag.de\/index.php?rest_route=\/wp\/v2\/users\/1"}],"replies":[{"embeddable":true,"href":"https:\/\/medienkompetenztag.de\/index.php?rest_route=%2Fwp%2Fv2%2Fcomments&post=1082"}],"version-history":[{"count":3,"href":"https:\/\/medienkompetenztag.de\/index.php?rest_route=\/wp\/v2\/posts\/1082\/revisions"}],"predecessor-version":[{"id":1331,"href":"https:\/\/medienkompetenztag.de\/index.php?rest_route=\/wp\/v2\/posts\/1082\/revisions\/1331"}],"wp:featuredmedia":[{"embeddable":true,"href":"https:\/\/medienkompetenztag.de\/index.php?rest_route=\/wp\/v2\/media\/1102"}],"wp:attachment":[{"href":"https:\/\/medienkompetenztag.de\/index.php?rest_route=%2Fwp%2Fv2%2Fmedia&parent=1082"}],"wp:term":[{"taxonomy":"category","embeddable":true,"href":"https:\/\/medienkompetenztag.de\/index.php?rest_route=%2Fwp%2Fv2%2Fcategories&post=1082"},{"taxonomy":"post_tag","embeddable":true,"href":"https:\/\/medienkompetenztag.de\/index.php?rest_route=%2Fwp%2Fv2%2Ftags&post=1082"}],"curies":[{"name":"wp","href":"https:\/\/api.w.org\/{rel}","templated":true}]}}