{"id":1000,"date":"2017-11-09T16:22:21","date_gmt":"2017-11-09T15:22:21","guid":{"rendered":"https:\/\/medienkompetenztag.de\/?p=1000"},"modified":"2018-09-20T16:22:41","modified_gmt":"2018-09-20T14:22:41","slug":"medienpaedagogischer-workshop-mit-dem-klappe-auf-team","status":"publish","type":"post","link":"https:\/\/medienkompetenztag.de\/?p=1000","title":{"rendered":"Medienp\u00e4dagogischer Workshop mit dem &#8222;Klappe auf&#8220; &#8211; Team (TDMK2017)"},"content":{"rendered":"<p><img loading=\"lazy\" decoding=\"async\" class=\"alignnone wp-image-1007\" src=\"https:\/\/medienkompetenztag.de\/wp-content\/uploads\/17_okw_LOGO-724x1024.jpg\" alt=\"\" width=\"95\" height=\"135\" srcset=\"https:\/\/medienkompetenztag.de\/wp-content\/uploads\/17_okw_LOGO-724x1024.jpg 724w, https:\/\/medienkompetenztag.de\/wp-content\/uploads\/17_okw_LOGO-212x300.jpg 212w, https:\/\/medienkompetenztag.de\/wp-content\/uploads\/17_okw_LOGO-768x1086.jpg 768w, https:\/\/medienkompetenztag.de\/wp-content\/uploads\/17_okw_LOGO.jpg 800w\" sizes=\"auto, (max-width: 95px) 100vw, 95px\" \/><\/p>\n<p>Veranstalter:<\/p>\n<p><span style=\"color: #00ccff;\">Offener Kanal Wernigerode e.V.<\/span><\/p>\n<p>Veranstaltungsort:<\/p>\n<p><span style=\"color: #000000;\">Rudolf Breitscheid Stra\u00dfe 17<br \/>\n38855 Wernigerode<\/span><\/p>\n<p>Art der Aktion:<br \/>\nthematischer Workshop<\/p>\n<p>Zielgruppe:<br \/>\nJugendliche und junge Erwachsene zwischen 14 und 27 Jahren<\/p>\n<p>Ansprechpartner\/-in:<br \/>\nFrau Petra Zaretzke<\/p>\n<p style=\"color: #00ccff;\">Die Teilnehmenden f\u00fcr die Aktion stehen bereits fest, eine Anmeldung ist leider nicht mehr m\u00f6glich.<\/p>\n<p>Das Projekt \u201eKlappe auf\u201c \u2013 Jugend-TV im Harzkreis wendet sich an Jugendliche und junge Erwachsene zwischen 14 und 27 Jahren. Es soll Jugendliche dazu animieren, sich und ihre Lebenswelt bewusst wahrzunehmen und an gesellschaftlichen Prozessen zu partizipieren.<\/p>\n<p>Selber Filme drehen &#8211; Videos produzieren<br \/>\nDas Projektteam bietet &#8222;jungen&#8220; Filmliebhaberinnen und -liebhabern einen Workshop mit vielen praktischen Tipps zur Filmproduktion. Dazu geh\u00f6ren Infos \u00fcber das Dregbuchschreiben, \u00fcber richtige Kameraf\u00fchrung, \u00fcber einem professionellen Filmschnitt sowie dem &#8222;guten&#8220; Ton. Die Medienp\u00e4dagogen nehmen die Jugendliche ernst und geht von ihrem Lebensalltag aus. Nahezu alle Bereiche des Lebens werden heutzutage durch Medien beeinflusst. Wir leben heute in einer konvergenten Medienwelt mit vielen verschiedenen, miteinander verkn\u00fcpften Medien.<\/p>\n<p>Das Projekt bietet benachteiligten Jugendlichen Integrations- und Beteiligungschancen. Es schafft ihnen \u00d6ffentlichkeit.Der Workshop er\u00f6ffnet Jugendlichen mit unterschiedlichen kulturellen Hintergr\u00fcnden gemeinsame Handlungsfelder, denn Medienproduktion ist zumeist Teamarbeit.<\/p>\n<p>23.11.2017 von 10 bis 15 UIhr<\/p>\n<p>Kontakt zum Veranstalter:<br \/>\nOffener Kanal Wernigerode e.V.<br \/>\nRudolf-Breitscheid-Stra\u00dfe 19<br \/>\n38855 Wernigerode<br \/>\n03943 606808<br \/>\n<a href=\"mailto:tv@ok-wernigerode.de\">tv@ok-wernigerode.de<\/a><br \/>\n<a href=\"http:\/\/www.ok-wernigerode.de\" target=\"_blank\" rel=\"noopener\">www.ok-wernigerode.de<\/a><\/p>\n<p><a>zur\u00fcck<\/a><\/p>\n","protected":false},"excerpt":{"rendered":"<p>Veranstalter: Offener Kanal Wernigerode e.V. Veranstaltungsort: Rudolf Breitscheid Stra\u00dfe 17 38855 Wernigerode Art der Aktion: thematischer Workshop Zielgruppe: Jugendliche und junge Erwachsene zwischen 14 und 27 Jahren Ansprechpartner\/-in: Frau Petra Zaretzke Die Teilnehmenden f\u00fcr die Aktion stehen bereits fest, eine Anmeldung ist leider nicht mehr m\u00f6glich. Das Projekt \u201eKlappe auf\u201c \u2013 Jugend-TV im Harzkreis wendet<a href=\"https:\/\/medienkompetenztag.de\/?p=1000\">[&#8230;]<\/a><\/p>\n","protected":false},"author":1,"featured_media":1008,"comment_status":"closed","ping_status":"closed","sticky":false,"template":"","format":"standard","meta":{"footnotes":""},"categories":[4],"tags":[],"class_list":["post-1000","post","type-post","status-publish","format-standard","has-post-thumbnail","hentry","category-aktionen"],"_links":{"self":[{"href":"https:\/\/medienkompetenztag.de\/index.php?rest_route=\/wp\/v2\/posts\/1000","targetHints":{"allow":["GET"]}}],"collection":[{"href":"https:\/\/medienkompetenztag.de\/index.php?rest_route=\/wp\/v2\/posts"}],"about":[{"href":"https:\/\/medienkompetenztag.de\/index.php?rest_route=\/wp\/v2\/types\/post"}],"author":[{"embeddable":true,"href":"https:\/\/medienkompetenztag.de\/index.php?rest_route=\/wp\/v2\/users\/1"}],"replies":[{"embeddable":true,"href":"https:\/\/medienkompetenztag.de\/index.php?rest_route=%2Fwp%2Fv2%2Fcomments&post=1000"}],"version-history":[{"count":13,"href":"https:\/\/medienkompetenztag.de\/index.php?rest_route=\/wp\/v2\/posts\/1000\/revisions"}],"predecessor-version":[{"id":1330,"href":"https:\/\/medienkompetenztag.de\/index.php?rest_route=\/wp\/v2\/posts\/1000\/revisions\/1330"}],"wp:featuredmedia":[{"embeddable":true,"href":"https:\/\/medienkompetenztag.de\/index.php?rest_route=\/wp\/v2\/media\/1008"}],"wp:attachment":[{"href":"https:\/\/medienkompetenztag.de\/index.php?rest_route=%2Fwp%2Fv2%2Fmedia&parent=1000"}],"wp:term":[{"taxonomy":"category","embeddable":true,"href":"https:\/\/medienkompetenztag.de\/index.php?rest_route=%2Fwp%2Fv2%2Fcategories&post=1000"},{"taxonomy":"post_tag","embeddable":true,"href":"https:\/\/medienkompetenztag.de\/index.php?rest_route=%2Fwp%2Fv2%2Ftags&post=1000"}],"curies":[{"name":"wp","href":"https:\/\/api.w.org\/{rel}","templated":true}]}}